{"id":222115,"date":"2013-11-29T00:00:00","date_gmt":"2013-11-29T00:00:00","guid":{"rendered":"https:\/\/www.ecuadortimes.net\/es\/en-enero-se-reiniciaria-negociacion-comercial-con-union-europea\/"},"modified":"2013-11-29T00:00:00","modified_gmt":"2013-11-29T00:00:00","slug":"en-enero-se-reiniciaria-negociacion-comercial-con-union-europea","status":"publish","type":"post","link":"https:\/\/www.ecuadortimes.net\/es\/en-enero-se-reiniciaria-negociacion-comercial-con-union-europea\/","title":{"rendered":"En enero se reiniciar\u00eda negociaci\u00f3n comercial con Uni\u00f3n Europea"},"content":{"rendered":"<div>\n<div id=\"attachment_137714\" style=\"width: 310px\" class=\"wp-caption alignleft\"><a href=\"http:\/\/www.ecuadortimes.net\/es\/wp-content\/uploads\/2013\/11\/negociacion.jpg\"><img aria-describedby=\"caption-attachment-137714\" loading=\"lazy\" class=\"size-medium wp-image-137714\" alt=\"Las negociaciones se retomar\u00edan en 2014\" src=\"https:\/\/www.ecuadortimes.net\/es\/wp-content\/uploads\/2013\/11\/negociacion-300x187.jpg\" width=\"300\" height=\"187\" \/><\/a><p id=\"caption-attachment-137714\" class=\"wp-caption-text\">Las negociaciones se retomar\u00edan en 2014<\/p><\/div>\n<p><strong>Con la expectativa de suscribirse a un Acuerdo de Comercio para el Desarrollo, Ecuador retomar\u00e1 a mediados de enero de 2014 las negociaciones con la Uni\u00f3n Europea, que fueron suspendidas en 2009, seg\u00fan lo indic\u00f3 Eduardo Egas, asesor presidencial en comercio.<\/strong><\/p>\n<p><strong><\/strong>Estamos dentro de una hoja de ruta que m\u00e1s o menos se est\u00e1 cumpliendo, para (que en) enero 13 al 15 podamos ya sentarnos a la primera ronda de negociaciones en Bruselas, y en febrero (en Ecuador), la segunda, y ojal\u00e1 que para marzo, m\u00e1ximo abril, la ronda se cierre\u009d, expres\u00f3.<\/p>\n<p>El pr\u00f3ximo es el \u00faltimo a\u00f1o que tenemos las preferencias arancelarias, el tiempo es un factor que est\u00e1 jugando muy en contra nuestro\u009d, opin\u00f3 el vicepresidente de la Federaci\u00f3n de Exportadores (Fedexpor), Daniel Legarda, quien espera que se cumplan las fechas pues si no ocurre, no habr\u00e1 garant\u00eda de que se fijen otras por la elecci\u00f3n de nuevos parlamentarios europeos.<\/p>\n<p>Egas agreg\u00f3 que se concentrar\u00e1n en aquellas mesas en las que no se obtuvo tantos acuerdos en negociaciones anteriores, que tiene\u00a0 que ver con la propiedad intelectual, compras p\u00fablicas y servicios. Adem\u00e1s indic\u00f3 que se revisar\u00e1n los documentos que ya se han negociado con Colombia y Per\u00fa.<\/p>\n<\/div>\n","protected":false},"excerpt":{"rendered":"<p>Con la expectativa de suscribirse a un Acuerdo de Comercio para el Desarrollo, Ecuador retomar\u00e1 a mediados de enero de 2014 las negociaciones con la Uni\u00f3n Europea, que fueron suspendidas en 2009, seg\u00fan lo indic\u00f3 Eduardo Egas, asesor presidencial en comercio. Estamos dentro de una hoja de ruta que m\u00e1s o menos se est\u00e1 cumpliendo, para (que en) enero 13 al 15 podamos ya sentarnos a la primera ronda de negociaciones en Bruselas, y en febrero (en Ecuador), la segunda, y ojal\u00e1 que para marzo, m\u00e1ximo abril, la ronda se cierre\u009d, expres\u00f3. El pr\u00f3ximo es el \u00faltimo a\u00f1o que tenemos las preferencias arancelarias, el tiempo es un factor que est\u00e1 jugando muy en contra nuestro\u009d, opin\u00f3 el vicepresidente de la Federaci\u00f3n de Exportadores (Fedexpor), Daniel Legarda, quien espera que se cumplan las fechas pues si no ocurre, no habr\u00e1 garant\u00eda de que se fijen otras por la elecci\u00f3n de nuevos parlamentarios europeos. Egas agreg\u00f3 que se concentrar\u00e1n en aquellas mesas en las que no se obtuvo tantos acuerdos en negociaciones anteriores, que tiene\u00a0 que ver con la propiedad intelectual, compras p\u00fablicas y servicios. Adem\u00e1s indic\u00f3 que se revisar\u00e1n los documentos que ya se han negociado con Colombia y Per\u00fa.<\/p>\n","protected":false},"author":1,"featured_media":222116,"comment_status":"open","ping_status":"open","sticky":false,"template":"","format":"standard","meta":[],"categories":[40,37],"tags":[],"_links":{"self":[{"href":"https:\/\/www.ecuadortimes.net\/es\/wp-json\/wp\/v2\/posts\/222115"}],"collection":[{"href":"https:\/\/www.ecuadortimes.net\/es\/wp-json\/wp\/v2\/posts"}],"about":[{"href":"https:\/\/www.ecuadortimes.net\/es\/wp-json\/wp\/v2\/types\/post"}],"author":[{"embeddable":true,"href":"https:\/\/www.ecuadortimes.net\/es\/wp-json\/wp\/v2\/users\/1"}],"replies":[{"embeddable":true,"href":"https:\/\/www.ecuadortimes.net\/es\/wp-json\/wp\/v2\/comments?post=222115"}],"version-history":[{"count":0,"href":"https:\/\/www.ecuadortimes.net\/es\/wp-json\/wp\/v2\/posts\/222115\/revisions"}],"wp:featuredmedia":[{"embeddable":true,"href":"https:\/\/www.ecuadortimes.net\/es\/wp-json\/wp\/v2\/media\/222116"}],"wp:attachment":[{"href":"https:\/\/www.ecuadortimes.net\/es\/wp-json\/wp\/v2\/media?parent=222115"}],"wp:term":[{"taxonomy":"category","embeddable":true,"href":"https:\/\/www.ecuadortimes.net\/es\/wp-json\/wp\/v2\/categories?post=222115"},{"taxonomy":"post_tag","embeddable":true,"href":"https:\/\/www.ecuadortimes.net\/es\/wp-json\/wp\/v2\/tags?post=222115"}],"curies":[{"name":"wp","href":"https:\/\/api.w.org\/{rel}","templated":true}]}}