{"id":222117,"date":"2013-11-29T00:00:00","date_gmt":"2013-11-29T00:00:00","guid":{"rendered":"https:\/\/www.ecuadortimes.net\/es\/defensores-de-audiencia-recibiran-compensacion-por-su-desempeno\/"},"modified":"2013-11-29T00:00:00","modified_gmt":"2013-11-29T00:00:00","slug":"defensores-de-audiencia-recibiran-compensacion-por-su-desempeno","status":"publish","type":"post","link":"https:\/\/www.ecuadortimes.net\/es\/defensores-de-audiencia-recibiran-compensacion-por-su-desempeno\/","title":{"rendered":"Defensores de audiencia recibir\u00e1n compensaci\u00f3n por su desempe\u00f1o"},"content":{"rendered":"<div id=\"attachment_137717\" style=\"width: 310px\" class=\"wp-caption alignright\"><img aria-describedby=\"caption-attachment-137717\" loading=\"lazy\" class=\"size-medium wp-image-137717\" alt=\"Patricio Barriga\" src=\"https:\/\/www.ecuadortimes.net\/es\/wp-content\/uploads\/2013\/11\/Patricio-Barriga-300x191.jpg\" width=\"300\" height=\"191\" \/><p id=\"caption-attachment-137717\" class=\"wp-caption-text\">Patricio Barriga<\/p><\/div>\n<p>De acuerdo con el presidente del Consejo de Regulaci\u00f3n, Patricio Barriga, formular recomendaciones y observaciones por parte de los directores de los medios de comunicaci\u00f3n es una de las atribuciones que tendr\u00edan los defensores de audiencias y lectores.<\/p>\n<p>Barriga considera que esto permitir\u00e1 mejorar el desempe\u00f1o en relaci\u00f3n con lo que ordena la Ley de Comunicaci\u00f3n\u009d. A pesar que el reglamento a la ley es desconocido, dado que sigue siendo analizado por la Presidencia; Barriga inform\u00f3 que los honorarios de estas personas ser\u00e1n responsabilidad del medio en el que trabaje, pues con ellos se firmar\u00e1n los contratos.<\/p>\n<p>El presidente del Consejo de Regulaci\u00f3n inform\u00f3 que el superintendente de Informaci\u00f3n, Carlos Ochoa, est\u00e1 a favor de impulsar una reforma legal a fin de tener jurisdicci\u00f3n coactiva. Barriga a\u00f1adi\u00f3 que dicha acci\u00f3n coactiva ser\u00eda necesaria, pues esas sanciones podr\u00edan tener un tiempo ilimitado, (o) no se podr\u00eda establecer las sanciones como corresponde\u009d.<\/p>\n<p>&nbsp;<\/p>\n","protected":false},"excerpt":{"rendered":"<p>De acuerdo con el presidente del Consejo de Regulaci\u00f3n, Patricio Barriga, formular recomendaciones y observaciones por parte de los directores de los medios de comunicaci\u00f3n es una de las atribuciones que tendr\u00edan los defensores de audiencias y lectores. Barriga considera que esto permitir\u00e1 mejorar el desempe\u00f1o en relaci\u00f3n con lo que ordena la Ley de Comunicaci\u00f3n\u009d. A pesar que el reglamento a la ley es desconocido, dado que sigue siendo analizado por la Presidencia; Barriga inform\u00f3 que los honorarios de estas personas ser\u00e1n responsabilidad del medio en el que trabaje, pues con ellos se firmar\u00e1n los contratos. El presidente del Consejo de Regulaci\u00f3n inform\u00f3 que el superintendente de Informaci\u00f3n, Carlos Ochoa, est\u00e1 a favor de impulsar una reforma legal a fin de tener jurisdicci\u00f3n coactiva. Barriga a\u00f1adi\u00f3 que dicha acci\u00f3n coactiva ser\u00eda necesaria, pues esas sanciones podr\u00edan tener un tiempo ilimitado, (o) no se podr\u00eda establecer las sanciones como corresponde\u009d. &nbsp;<\/p>\n","protected":false},"author":1,"featured_media":222118,"comment_status":"open","ping_status":"open","sticky":false,"template":"","format":"standard","meta":[],"categories":[40,37],"tags":[],"_links":{"self":[{"href":"https:\/\/www.ecuadortimes.net\/es\/wp-json\/wp\/v2\/posts\/222117"}],"collection":[{"href":"https:\/\/www.ecuadortimes.net\/es\/wp-json\/wp\/v2\/posts"}],"about":[{"href":"https:\/\/www.ecuadortimes.net\/es\/wp-json\/wp\/v2\/types\/post"}],"author":[{"embeddable":true,"href":"https:\/\/www.ecuadortimes.net\/es\/wp-json\/wp\/v2\/users\/1"}],"replies":[{"embeddable":true,"href":"https:\/\/www.ecuadortimes.net\/es\/wp-json\/wp\/v2\/comments?post=222117"}],"version-history":[{"count":0,"href":"https:\/\/www.ecuadortimes.net\/es\/wp-json\/wp\/v2\/posts\/222117\/revisions"}],"wp:featuredmedia":[{"embeddable":true,"href":"https:\/\/www.ecuadortimes.net\/es\/wp-json\/wp\/v2\/media\/222118"}],"wp:attachment":[{"href":"https:\/\/www.ecuadortimes.net\/es\/wp-json\/wp\/v2\/media?parent=222117"}],"wp:term":[{"taxonomy":"category","embeddable":true,"href":"https:\/\/www.ecuadortimes.net\/es\/wp-json\/wp\/v2\/categories?post=222117"},{"taxonomy":"post_tag","embeddable":true,"href":"https:\/\/www.ecuadortimes.net\/es\/wp-json\/wp\/v2\/tags?post=222117"}],"curies":[{"name":"wp","href":"https:\/\/api.w.org\/{rel}","templated":true}]}}