{"id":222119,"date":"2013-11-29T00:00:00","date_gmt":"2013-11-29T00:00:00","guid":{"rendered":"https:\/\/www.ecuadortimes.net\/es\/el-proximo-viernes-sera-el-sorteo-del-mundial\/"},"modified":"2013-11-29T00:00:00","modified_gmt":"2013-11-29T00:00:00","slug":"el-proximo-viernes-sera-el-sorteo-del-mundial","status":"publish","type":"post","link":"https:\/\/www.ecuadortimes.net\/es\/el-proximo-viernes-sera-el-sorteo-del-mundial\/","title":{"rendered":"El pr\u00f3ximo viernes ser\u00e1 el sorteo del mundial"},"content":{"rendered":"<div id=\"attachment_137720\" style=\"width: 310px\" class=\"wp-caption alignleft\"><img aria-describedby=\"caption-attachment-137720\" loading=\"lazy\" class=\"size-medium wp-image-137720\" alt=\"Sorteo Mundial Brasil 2014\" src=\"https:\/\/www.ecuadortimes.net\/es\/wp-content\/uploads\/2013\/11\/Sorteo-Mundial-Brazil-2014-300x191.jpg\" width=\"300\" height=\"191\" \/><p id=\"caption-attachment-137720\" class=\"wp-caption-text\">Sorteo Mundial Brasil 2014<\/p><\/div>\n<p>Con la presencia de las delegaciones de los 32 pa\u00edses clasificados al mundial de f\u00fatbol Brasil 2014, incluida la de Ecuador, el 6 de diciembre se realizar\u00e1 el sorteo de los grupos que disputar\u00e1n la fase final del mundial.<\/p>\n<p>El presidente de la Federaci\u00f3n Ecuatoriana de F\u00fatbol (FEF), Luis Chiriboga Acosta, encabeza la delegaci\u00f3n nacional como miembro de la Comisi\u00f3n Organizadora del Mundial (fue designado por la FIFA en enero del 2012) y en representaci\u00f3n de la Ecuaf\u00fatbol ir\u00e1 el secretario, Francisco Acosta. Tambi\u00e9n viajar\u00e1n el t\u00e9cnico Reinaldo Rueda; el preparador f\u00edsico, Carlos Velasco; y el jefe de log\u00edstica de la Ecuaf\u00fatbol, Vinicio Luna.<\/p>\n<p>Una vez realizado el sorteo, que ser\u00e1 en Salvador de Bah\u00eda, el presidente de la Federaci\u00f3n regresar\u00e1 para estar, el 8 de diciembre, en la entrega del la copa al campe\u00f3n del f\u00fatbol ecuatoriano, d\u00eda que se jugar\u00e1 la \u00faltima fecha del torneo nacional.<\/p>\n<p>Mientras tanto, Luna y Velasco se quedar\u00e1n en Brasil, una vez conocido el grupo de Ecuador, para definir el cuartel general que tendr\u00e1 la Tri en el Mundial.<\/p>\n<p>&nbsp;<\/p>\n","protected":false},"excerpt":{"rendered":"<p>Con la presencia de las delegaciones de los 32 pa\u00edses clasificados al mundial de f\u00fatbol Brasil 2014, incluida la de Ecuador, el 6 de diciembre se realizar\u00e1 el sorteo de los grupos que disputar\u00e1n la fase final del mundial. El presidente de la Federaci\u00f3n Ecuatoriana de F\u00fatbol (FEF), Luis Chiriboga Acosta, encabeza la delegaci\u00f3n nacional como miembro de la Comisi\u00f3n Organizadora del Mundial (fue designado por la FIFA en enero del 2012) y en representaci\u00f3n de la Ecuaf\u00fatbol ir\u00e1 el secretario, Francisco Acosta. Tambi\u00e9n viajar\u00e1n el t\u00e9cnico Reinaldo Rueda; el preparador f\u00edsico, Carlos Velasco; y el jefe de log\u00edstica de la Ecuaf\u00fatbol, Vinicio Luna. Una vez realizado el sorteo, que ser\u00e1 en Salvador de Bah\u00eda, el presidente de la Federaci\u00f3n regresar\u00e1 para estar, el 8 de diciembre, en la entrega del la copa al campe\u00f3n del f\u00fatbol ecuatoriano, d\u00eda que se jugar\u00e1 la \u00faltima fecha del torneo nacional. Mientras tanto, Luna y Velasco se quedar\u00e1n en Brasil, una vez conocido el grupo de Ecuador, para definir el cuartel general que tendr\u00e1 la Tri en el Mundial. &nbsp;<\/p>\n","protected":false},"author":1,"featured_media":222120,"comment_status":"open","ping_status":"open","sticky":false,"template":"","format":"standard","meta":[],"categories":[38,37],"tags":[],"_links":{"self":[{"href":"https:\/\/www.ecuadortimes.net\/es\/wp-json\/wp\/v2\/posts\/222119"}],"collection":[{"href":"https:\/\/www.ecuadortimes.net\/es\/wp-json\/wp\/v2\/posts"}],"about":[{"href":"https:\/\/www.ecuadortimes.net\/es\/wp-json\/wp\/v2\/types\/post"}],"author":[{"embeddable":true,"href":"https:\/\/www.ecuadortimes.net\/es\/wp-json\/wp\/v2\/users\/1"}],"replies":[{"embeddable":true,"href":"https:\/\/www.ecuadortimes.net\/es\/wp-json\/wp\/v2\/comments?post=222119"}],"version-history":[{"count":0,"href":"https:\/\/www.ecuadortimes.net\/es\/wp-json\/wp\/v2\/posts\/222119\/revisions"}],"wp:featuredmedia":[{"embeddable":true,"href":"https:\/\/www.ecuadortimes.net\/es\/wp-json\/wp\/v2\/media\/222120"}],"wp:attachment":[{"href":"https:\/\/www.ecuadortimes.net\/es\/wp-json\/wp\/v2\/media?parent=222119"}],"wp:term":[{"taxonomy":"category","embeddable":true,"href":"https:\/\/www.ecuadortimes.net\/es\/wp-json\/wp\/v2\/categories?post=222119"},{"taxonomy":"post_tag","embeddable":true,"href":"https:\/\/www.ecuadortimes.net\/es\/wp-json\/wp\/v2\/tags?post=222119"}],"curies":[{"name":"wp","href":"https:\/\/api.w.org\/{rel}","templated":true}]}}