{"id":222123,"date":"2013-11-29T00:00:00","date_gmt":"2013-11-29T00:00:00","guid":{"rendered":"https:\/\/www.ecuadortimes.net\/es\/asambleistas-del-oficialismo-regresaron-al-legislativo\/"},"modified":"2013-11-29T00:00:00","modified_gmt":"2013-11-29T00:00:00","slug":"asambleistas-del-oficialismo-regresaron-al-legislativo","status":"publish","type":"post","link":"https:\/\/www.ecuadortimes.net\/es\/asambleistas-del-oficialismo-regresaron-al-legislativo\/","title":{"rendered":"Asamble\u00edstas del oficialismo regresaron al Legislativo"},"content":{"rendered":"<div id=\"attachment_137729\" style=\"width: 310px\" class=\"wp-caption alignleft\"><img aria-describedby=\"caption-attachment-137729\" loading=\"lazy\" class=\"size-medium wp-image-137729\" alt=\"Gina Godoy\" src=\"https:\/\/www.ecuadortimes.net\/es\/wp-content\/uploads\/2013\/11\/Gina-Godoy-300x191.jpg\" width=\"300\" height=\"191\" \/><p id=\"caption-attachment-137729\" class=\"wp-caption-text\">Gina Godoy<\/p><\/div>\n<p>El pasado mi\u00e9rcoles 27 de noviembre, la asamble\u00edsta de Alianza PAIS, Gina Godoy regres\u00f3 a la Asamblea, luego de que fue sancionada con un mes de suspensi\u00f3n y silencio legislativo. Dijo que no hay divisiones en la relaci\u00f3n son su movimiento, porque ella es disciplinada.<\/p>\n<p>Tras su regreso, Godoy mantuvo que no existen las condiciones pol\u00edticas para continuar con el debate del aborto al interior de la bancada en el periodo legislativo (2013-2017).<\/p>\n<p>No renuncio a mi lucha, pero midiendo los tiempos pol\u00edticos el tema se difiere de mi parte. Ser\u00eda una necedad insistir sabiendo que la propuesta es negativa\u009d, aclar\u00f3 Godoy en una entrevista a la radio FM Mundo.<\/p>\n<p>Finalmente, Godoy revel\u00f3 que su respaldo a la moci\u00f3n de Paola Pab\u00f3n en contra de la penalizaci\u00f3n del aborto, lo que fue motivo de su sanci\u00f3n, obedece a un sentimiento personal que no debe interferir en la l\u00ednea pol\u00edtica del oficialismo.<\/p>\n<p>Godoy regresa a la Asamblea junto con sus compa\u00f1eras del r\u00e9gimen, Paola Pab\u00f3n y Soledad Buend\u00eda, quienes tambi\u00e9n fueron sancionadas el pasado 29 de octubre por no respetar acuerdos pol\u00edticos.<\/p>\n","protected":false},"excerpt":{"rendered":"<p>El pasado mi\u00e9rcoles 27 de noviembre, la asamble\u00edsta de Alianza PAIS, Gina Godoy regres\u00f3 a la Asamblea, luego de que fue sancionada con un mes de suspensi\u00f3n y silencio legislativo. Dijo que no hay divisiones en la relaci\u00f3n son su movimiento, porque ella es disciplinada. Tras su regreso, Godoy mantuvo que no existen las condiciones pol\u00edticas para continuar con el debate del aborto al interior de la bancada en el periodo legislativo (2013-2017). No renuncio a mi lucha, pero midiendo los tiempos pol\u00edticos el tema se difiere de mi parte. Ser\u00eda una necedad insistir sabiendo que la propuesta es negativa\u009d, aclar\u00f3 Godoy en una entrevista a la radio FM Mundo. Finalmente, Godoy revel\u00f3 que su respaldo a la moci\u00f3n de Paola Pab\u00f3n en contra de la penalizaci\u00f3n del aborto, lo que fue motivo de su sanci\u00f3n, obedece a un sentimiento personal que no debe interferir en la l\u00ednea pol\u00edtica del oficialismo. Godoy regresa a la Asamblea junto con sus compa\u00f1eras del r\u00e9gimen, Paola Pab\u00f3n y Soledad Buend\u00eda, quienes tambi\u00e9n fueron sancionadas el pasado 29 de octubre por no respetar acuerdos pol\u00edticos.<\/p>\n","protected":false},"author":1,"featured_media":222124,"comment_status":"open","ping_status":"open","sticky":false,"template":"","format":"standard","meta":[],"categories":[40,37],"tags":[],"_links":{"self":[{"href":"https:\/\/www.ecuadortimes.net\/es\/wp-json\/wp\/v2\/posts\/222123"}],"collection":[{"href":"https:\/\/www.ecuadortimes.net\/es\/wp-json\/wp\/v2\/posts"}],"about":[{"href":"https:\/\/www.ecuadortimes.net\/es\/wp-json\/wp\/v2\/types\/post"}],"author":[{"embeddable":true,"href":"https:\/\/www.ecuadortimes.net\/es\/wp-json\/wp\/v2\/users\/1"}],"replies":[{"embeddable":true,"href":"https:\/\/www.ecuadortimes.net\/es\/wp-json\/wp\/v2\/comments?post=222123"}],"version-history":[{"count":0,"href":"https:\/\/www.ecuadortimes.net\/es\/wp-json\/wp\/v2\/posts\/222123\/revisions"}],"wp:featuredmedia":[{"embeddable":true,"href":"https:\/\/www.ecuadortimes.net\/es\/wp-json\/wp\/v2\/media\/222124"}],"wp:attachment":[{"href":"https:\/\/www.ecuadortimes.net\/es\/wp-json\/wp\/v2\/media?parent=222123"}],"wp:term":[{"taxonomy":"category","embeddable":true,"href":"https:\/\/www.ecuadortimes.net\/es\/wp-json\/wp\/v2\/categories?post=222123"},{"taxonomy":"post_tag","embeddable":true,"href":"https:\/\/www.ecuadortimes.net\/es\/wp-json\/wp\/v2\/tags?post=222123"}],"curies":[{"name":"wp","href":"https:\/\/api.w.org\/{rel}","templated":true}]}}