{"id":222132,"date":"2013-11-30T00:00:00","date_gmt":"2013-11-30T00:00:00","guid":{"rendered":"https:\/\/www.ecuadortimes.net\/es\/correa-advierte-posibilidad-de-eliminar-universidades-sin-calidad\/"},"modified":"2013-11-30T00:00:00","modified_gmt":"2013-11-30T00:00:00","slug":"correa-advierte-posibilidad-de-eliminar-universidades-sin-calidad","status":"publish","type":"post","link":"https:\/\/www.ecuadortimes.net\/es\/correa-advierte-posibilidad-de-eliminar-universidades-sin-calidad\/","title":{"rendered":"Correa advierte posibilidad de eliminar universidades sin calidad"},"content":{"rendered":"<div id=\"attachment_137751\" style=\"width: 310px\" class=\"wp-caption alignleft\"><img aria-describedby=\"caption-attachment-137751\" loading=\"lazy\" class=\"size-medium wp-image-137751\" alt=\"Correa advierte la posibilidad de eliminar universidades de baja calidad\" src=\"https:\/\/www.ecuadortimes.net\/es\/wp-content\/uploads\/2013\/11\/Correa-warns-elimination-of-lesser-universities-300x191.jpg\" width=\"300\" height=\"191\" \/><p id=\"caption-attachment-137751\" class=\"wp-caption-text\">Correa advierte la posibilidad de eliminar universidades de baja calidad<\/p><\/div>\n<p>El presidente de la Rep\u00fablica, Rafael Correa, dijo ayer en Arenillas que si tuvi\u00e9ramos que eliminar la universidad que tuvi\u00e9ramos que eliminar, as\u00ed lo haremos, porque el objetivo es tener universidades de calidad&#8221;.<\/p>\n<p>La advertencia fue respecto de los resultados de la evaluaci\u00f3n que realiz\u00f3 el Consejo de Evaluaci\u00f3n de Acreditaci\u00f3n y Aseguramiento de la Calidad de la Educaci\u00f3n Superior (Ceaaces) y en respuesta a las manifestaciones de protesta por la evaluaci\u00f3n.<\/p>\n<p>Dijo que muchas de las universidades no tienen excelencia, por eso ninguna est\u00e1 en los rankings mundiales y a su criterio, el problema es grave por el nivel de politizaci\u00f3n, piponazgo (exceso de personal) y burocracia existente.<\/p>\n<p>Dijo que los mediocres se han impuesto, la ineficiencia es terrible y la mayor parte del gasto es administrativo, a la vez que afirm\u00f3 que la excelencia acad\u00e9mica no se gana con gritos, con palos, con piedras, sino con exigencia, estudios, rigor, con profesores de tiempo completo, que no falten.<\/p>\n<p>&nbsp;<\/p>\n","protected":false},"excerpt":{"rendered":"<p>El presidente de la Rep\u00fablica, Rafael Correa, dijo ayer en Arenillas que si tuvi\u00e9ramos que eliminar la universidad que tuvi\u00e9ramos que eliminar, as\u00ed lo haremos, porque el objetivo es tener universidades de calidad&#8221;. La advertencia fue respecto de los resultados de la evaluaci\u00f3n que realiz\u00f3 el Consejo de Evaluaci\u00f3n de Acreditaci\u00f3n y Aseguramiento de la Calidad de la Educaci\u00f3n Superior (Ceaaces) y en respuesta a las manifestaciones de protesta por la evaluaci\u00f3n. Dijo que muchas de las universidades no tienen excelencia, por eso ninguna est\u00e1 en los rankings mundiales y a su criterio, el problema es grave por el nivel de politizaci\u00f3n, piponazgo (exceso de personal) y burocracia existente. Dijo que los mediocres se han impuesto, la ineficiencia es terrible y la mayor parte del gasto es administrativo, a la vez que afirm\u00f3 que la excelencia acad\u00e9mica no se gana con gritos, con palos, con piedras, sino con exigencia, estudios, rigor, con profesores de tiempo completo, que no falten. &nbsp;<\/p>\n","protected":false},"author":1,"featured_media":222133,"comment_status":"open","ping_status":"open","sticky":false,"template":"","format":"standard","meta":[],"categories":[40,37],"tags":[],"_links":{"self":[{"href":"https:\/\/www.ecuadortimes.net\/es\/wp-json\/wp\/v2\/posts\/222132"}],"collection":[{"href":"https:\/\/www.ecuadortimes.net\/es\/wp-json\/wp\/v2\/posts"}],"about":[{"href":"https:\/\/www.ecuadortimes.net\/es\/wp-json\/wp\/v2\/types\/post"}],"author":[{"embeddable":true,"href":"https:\/\/www.ecuadortimes.net\/es\/wp-json\/wp\/v2\/users\/1"}],"replies":[{"embeddable":true,"href":"https:\/\/www.ecuadortimes.net\/es\/wp-json\/wp\/v2\/comments?post=222132"}],"version-history":[{"count":0,"href":"https:\/\/www.ecuadortimes.net\/es\/wp-json\/wp\/v2\/posts\/222132\/revisions"}],"wp:featuredmedia":[{"embeddable":true,"href":"https:\/\/www.ecuadortimes.net\/es\/wp-json\/wp\/v2\/media\/222133"}],"wp:attachment":[{"href":"https:\/\/www.ecuadortimes.net\/es\/wp-json\/wp\/v2\/media?parent=222132"}],"wp:term":[{"taxonomy":"category","embeddable":true,"href":"https:\/\/www.ecuadortimes.net\/es\/wp-json\/wp\/v2\/categories?post=222132"},{"taxonomy":"post_tag","embeddable":true,"href":"https:\/\/www.ecuadortimes.net\/es\/wp-json\/wp\/v2\/tags?post=222132"}],"curies":[{"name":"wp","href":"https:\/\/api.w.org\/{rel}","templated":true}]}}