{"id":222136,"date":"2013-12-01T00:00:00","date_gmt":"2013-12-01T00:00:00","guid":{"rendered":"https:\/\/www.ecuadortimes.net\/es\/el-gobierno-busca-reducir-las-fuerzas-armadas\/"},"modified":"2013-12-01T00:00:00","modified_gmt":"2013-12-01T00:00:00","slug":"el-gobierno-busca-reducir-las-fuerzas-armadas","status":"publish","type":"post","link":"https:\/\/www.ecuadortimes.net\/es\/el-gobierno-busca-reducir-las-fuerzas-armadas\/","title":{"rendered":"El Gobierno busca reducir las Fuerzas Armadas"},"content":{"rendered":"<div id=\"attachment_137758\" style=\"width: 310px\" class=\"wp-caption alignleft\"><img aria-describedby=\"caption-attachment-137758\" loading=\"lazy\" class=\"size-medium wp-image-137758\" alt=\"Rafael Correa reducir\u00e1 las Fuerzas Armadas\" src=\"https:\/\/www.ecuadortimes.net\/es\/wp-content\/uploads\/2013\/12\/Rafael-Correa-would-disband-the-Armed-Forces-300x191.jpg\" width=\"300\" height=\"191\" \/><p id=\"caption-attachment-137758\" class=\"wp-caption-text\">Rafael Correa reducir\u00e1 las Fuerzas Armadas<\/p><\/div>\n<p>Con el argumento de que despu\u00e9s de la firma de la paz con Per\u00fa, las Fuerzas Armadas crecieron incomprensiblemente, se prepara un plan de reducci\u00f3n que incluye la reubicaci\u00f3n de uniformados en otras entidades como el Cuerpo de Vigilancia Aduanera, la Comisi\u00f3n de Tr\u00e1nsito del Ecuador, el Cuerpo de Seguridad Penitenciario y la nueva Guardia Nacional Ambiental (actuales guardabosques).<\/p>\n<p>Una segunda alternativa para reducir el tama\u00f1o de las Fuerzas Armadas es a largo plazo, mediante el control del ingreso a la Escuela Militar.<\/p>\n<p>El proyecto est\u00e1 en debate en la Asamblea Nacional y esta semana concluy\u00f3 la elaboraci\u00f3n del libro cuarto.<\/p>\n<p>La informaci\u00f3n la dio ayer en su informe semanal el presidente Rafael Correa, quien dijo que al menos se necesitar\u00edan 7.910 personas para suplir la necesidad en estas entidades, y que los nuevos funcionarios demandar\u00edan alrededor de $ 148 millones en el pago de remuneraciones.<\/p>\n<p>Se va a hacer un plan de incentivos beneficioso para quienes se quieran retirar de las FF.AA. Por ejemplo, en Polic\u00eda Ambiental no tenemos nada y lo que podemos hacer es sacar gente muy preparada de FF.AA. para que vaya a estos cuerpos. Si tenemos un teniente coronel que se retira y va a la Polic\u00eda Ambiental, va con el sueldo de su grado superior y sin perder sus otros derechos\u009d, explic\u00f3.<\/p>\n<p>&nbsp;<\/p>\n<p>&nbsp;<\/p>\n","protected":false},"excerpt":{"rendered":"<p>Con el argumento de que despu\u00e9s de la firma de la paz con Per\u00fa, las Fuerzas Armadas crecieron incomprensiblemente, se prepara un plan de reducci\u00f3n que incluye la reubicaci\u00f3n de uniformados en otras entidades como el Cuerpo de Vigilancia Aduanera, la Comisi\u00f3n de Tr\u00e1nsito del Ecuador, el Cuerpo de Seguridad Penitenciario y la nueva Guardia Nacional Ambiental (actuales guardabosques). Una segunda alternativa para reducir el tama\u00f1o de las Fuerzas Armadas es a largo plazo, mediante el control del ingreso a la Escuela Militar. El proyecto est\u00e1 en debate en la Asamblea Nacional y esta semana concluy\u00f3 la elaboraci\u00f3n del libro cuarto. La informaci\u00f3n la dio ayer en su informe semanal el presidente Rafael Correa, quien dijo que al menos se necesitar\u00edan 7.910 personas para suplir la necesidad en estas entidades, y que los nuevos funcionarios demandar\u00edan alrededor de $ 148 millones en el pago de remuneraciones. Se va a hacer un plan de incentivos beneficioso para quienes se quieran retirar de las FF.AA. Por ejemplo, en Polic\u00eda Ambiental no tenemos nada y lo que podemos hacer es sacar gente muy preparada de FF.AA. para que vaya a estos cuerpos. Si tenemos un teniente coronel que se retira y va a la Polic\u00eda Ambiental, va con el sueldo de su grado superior y sin perder sus otros derechos\u009d, explic\u00f3. &nbsp; &nbsp;<\/p>\n","protected":false},"author":1,"featured_media":222137,"comment_status":"open","ping_status":"open","sticky":false,"template":"","format":"standard","meta":[],"categories":[40,37],"tags":[],"_links":{"self":[{"href":"https:\/\/www.ecuadortimes.net\/es\/wp-json\/wp\/v2\/posts\/222136"}],"collection":[{"href":"https:\/\/www.ecuadortimes.net\/es\/wp-json\/wp\/v2\/posts"}],"about":[{"href":"https:\/\/www.ecuadortimes.net\/es\/wp-json\/wp\/v2\/types\/post"}],"author":[{"embeddable":true,"href":"https:\/\/www.ecuadortimes.net\/es\/wp-json\/wp\/v2\/users\/1"}],"replies":[{"embeddable":true,"href":"https:\/\/www.ecuadortimes.net\/es\/wp-json\/wp\/v2\/comments?post=222136"}],"version-history":[{"count":0,"href":"https:\/\/www.ecuadortimes.net\/es\/wp-json\/wp\/v2\/posts\/222136\/revisions"}],"wp:featuredmedia":[{"embeddable":true,"href":"https:\/\/www.ecuadortimes.net\/es\/wp-json\/wp\/v2\/media\/222137"}],"wp:attachment":[{"href":"https:\/\/www.ecuadortimes.net\/es\/wp-json\/wp\/v2\/media?parent=222136"}],"wp:term":[{"taxonomy":"category","embeddable":true,"href":"https:\/\/www.ecuadortimes.net\/es\/wp-json\/wp\/v2\/categories?post=222136"},{"taxonomy":"post_tag","embeddable":true,"href":"https:\/\/www.ecuadortimes.net\/es\/wp-json\/wp\/v2\/tags?post=222136"}],"curies":[{"name":"wp","href":"https:\/\/api.w.org\/{rel}","templated":true}]}}