{"id":222142,"date":"2013-12-02T00:00:00","date_gmt":"2013-12-02T00:00:00","guid":{"rendered":"https:\/\/www.ecuadortimes.net\/es\/reglamento-de-calidad-se-establecera-para-las-bicicletas\/"},"modified":"2013-12-02T00:00:00","modified_gmt":"2013-12-02T00:00:00","slug":"reglamento-de-calidad-se-establecera-para-las-bicicletas","status":"publish","type":"post","link":"https:\/\/www.ecuadortimes.net\/es\/reglamento-de-calidad-se-establecera-para-las-bicicletas\/","title":{"rendered":"Reglamento de calidad se establecer\u00e1 para las bicicletas"},"content":{"rendered":"<div id=\"attachment_137770\" style=\"width: 310px\" class=\"wp-caption alignright\"><img aria-describedby=\"caption-attachment-137770\" loading=\"lazy\" class=\"size-medium wp-image-137770\" alt=\"Ramiro Gonz\u00e1lez\" src=\"https:\/\/www.ecuadortimes.net\/es\/wp-content\/uploads\/2013\/12\/Ramiro-Gonzalez-300x191.jpg\" width=\"300\" height=\"191\" \/><p id=\"caption-attachment-137770\" class=\"wp-caption-text\">Ramiro Gonz\u00e1lez<\/p><\/div>\n<p>Por medio de un reglamento t\u00e9cnico se regir\u00e1n los procesos para manufacturar la producci\u00f3n de bicicletas con un alto componente nacional, que el r\u00e9gimen quiere iniciar en el 2014. As\u00ed lo inform\u00f3 el director del Instituto Ecuatoriano de Normalizaci\u00f3n (INEN), Agust\u00edn Ortiz.<\/p>\n<p>Las importaciones de bicicletas y sus se partes han incrementado en 37% desde el 2011, as\u00ed reportan las cifras de comercio exterior del Banco Central del Ecuador (BCE).<\/p>\n<p>Para el 2014 se espera producir 110 mil bicicletas, de acuerdo con el ministro de Industrias, Ramiro Gonz\u00e1lez, se evitar\u00e1 la salida de divisas por importaciones en m\u00e1s de $ 2 millones y con una proyecci\u00f3n que subir\u00eda a $ 3,5 millones hasta el 2017. Las empresas Metaltronic producir\u00eda 100 mil unidades y Ecobike 10 mil.<\/p>\n<p>En los primeros nueve meses del 2013, Ecuador import\u00f3 $ 14,58 millones en bicicletas y partes comparados a los $ 10,65 millones del 2011 y $12,87 millones en el 2012.<\/p>\n<p>Ortiz indic\u00f3 que ya hay una normativa para la comercializaci\u00f3n de las bicicletas en el pa\u00eds y esta servir\u00e1 para aquellas que sean manufacturadas con agregado nacional. A\u00f1adi\u00f3 que se est\u00e1 trabajando en un reglamento t\u00e9cnico para cumplir con dicha normativa. Ortiz asegur\u00f3 que estar\u00e1 listo en un par de meses\u009d.<\/p>\n","protected":false},"excerpt":{"rendered":"<p>Por medio de un reglamento t\u00e9cnico se regir\u00e1n los procesos para manufacturar la producci\u00f3n de bicicletas con un alto componente nacional, que el r\u00e9gimen quiere iniciar en el 2014. As\u00ed lo inform\u00f3 el director del Instituto Ecuatoriano de Normalizaci\u00f3n (INEN), Agust\u00edn Ortiz. Las importaciones de bicicletas y sus se partes han incrementado en 37% desde el 2011, as\u00ed reportan las cifras de comercio exterior del Banco Central del Ecuador (BCE). Para el 2014 se espera producir 110 mil bicicletas, de acuerdo con el ministro de Industrias, Ramiro Gonz\u00e1lez, se evitar\u00e1 la salida de divisas por importaciones en m\u00e1s de $ 2 millones y con una proyecci\u00f3n que subir\u00eda a $ 3,5 millones hasta el 2017. Las empresas Metaltronic producir\u00eda 100 mil unidades y Ecobike 10 mil. En los primeros nueve meses del 2013, Ecuador import\u00f3 $ 14,58 millones en bicicletas y partes comparados a los $ 10,65 millones del 2011 y $12,87 millones en el 2012. Ortiz indic\u00f3 que ya hay una normativa para la comercializaci\u00f3n de las bicicletas en el pa\u00eds y esta servir\u00e1 para aquellas que sean manufacturadas con agregado nacional. A\u00f1adi\u00f3 que se est\u00e1 trabajando en un reglamento t\u00e9cnico para cumplir con dicha normativa. Ortiz asegur\u00f3 que estar\u00e1 listo en un par de meses\u009d.<\/p>\n","protected":false},"author":1,"featured_media":222143,"comment_status":"open","ping_status":"open","sticky":false,"template":"","format":"standard","meta":[],"categories":[43,37],"tags":[],"_links":{"self":[{"href":"https:\/\/www.ecuadortimes.net\/es\/wp-json\/wp\/v2\/posts\/222142"}],"collection":[{"href":"https:\/\/www.ecuadortimes.net\/es\/wp-json\/wp\/v2\/posts"}],"about":[{"href":"https:\/\/www.ecuadortimes.net\/es\/wp-json\/wp\/v2\/types\/post"}],"author":[{"embeddable":true,"href":"https:\/\/www.ecuadortimes.net\/es\/wp-json\/wp\/v2\/users\/1"}],"replies":[{"embeddable":true,"href":"https:\/\/www.ecuadortimes.net\/es\/wp-json\/wp\/v2\/comments?post=222142"}],"version-history":[{"count":0,"href":"https:\/\/www.ecuadortimes.net\/es\/wp-json\/wp\/v2\/posts\/222142\/revisions"}],"wp:featuredmedia":[{"embeddable":true,"href":"https:\/\/www.ecuadortimes.net\/es\/wp-json\/wp\/v2\/media\/222143"}],"wp:attachment":[{"href":"https:\/\/www.ecuadortimes.net\/es\/wp-json\/wp\/v2\/media?parent=222142"}],"wp:term":[{"taxonomy":"category","embeddable":true,"href":"https:\/\/www.ecuadortimes.net\/es\/wp-json\/wp\/v2\/categories?post=222142"},{"taxonomy":"post_tag","embeddable":true,"href":"https:\/\/www.ecuadortimes.net\/es\/wp-json\/wp\/v2\/tags?post=222142"}],"curies":[{"name":"wp","href":"https:\/\/api.w.org\/{rel}","templated":true}]}}