{"id":222144,"date":"2013-12-02T00:00:00","date_gmt":"2013-12-02T00:00:00","guid":{"rendered":"https:\/\/www.ecuadortimes.net\/es\/corrida-de-toros-quitena-se-desarrolla-en-tambillo\/"},"modified":"2013-12-02T00:00:00","modified_gmt":"2013-12-02T00:00:00","slug":"corrida-de-toros-quitena-se-desarrolla-en-tambillo","status":"publish","type":"post","link":"https:\/\/www.ecuadortimes.net\/es\/corrida-de-toros-quitena-se-desarrolla-en-tambillo\/","title":{"rendered":"Corrida de toros quite\u00f1a se desarrolla en Tambillo"},"content":{"rendered":"<p><a href=\"http:\/\/www.ecuadortimes.net\/es\/wp-content\/uploads\/2013\/12\/toreros.jpg\"><img loading=\"lazy\" class=\"alignleft size-full wp-image-137769\" alt=\"toreros\" src=\"https:\/\/www.ecuadortimes.net\/es\/wp-content\/uploads\/2013\/12\/toreros.jpg\" width=\"400\" height=\"250\" \/><\/a>La feria taurina Jes\u00fas del Gran Poder que se realiz\u00f3 por el aniversario n\u00famero 479 de la fundaci\u00f3n de Quito, en Tambillo, al sur de Quito, cumpli\u00f3 ayer su segunda jornada, en la cual participaron el torero guayaquile\u00f1o Guillermo Alb\u00e1n y el espa\u00f1ol Iv\u00e1n Fandi\u00f1o.<\/p>\n<p>En las afueras de la plaza de toros m\u00f3vil, varios pobladores de la parroquia se ubicaron para ofrecer durante la jornada taurina diversos tipos de comidas t\u00edpicas, adem\u00e1s de souvenirs y recuerdos relacionados con esta actividad.<\/p>\n<p>Los aficionados a la tauromaquia coparon las instalaciones de la plaza, y gritaban continuamente \u00a1Viva Quito! Despu\u00e9s de corear\u00a0 a capela el himno de esta ciudad, que luego tuvo acompa\u00f1amiento de fondo.<\/p>\n<p>Tras la consulta popular realizada el 7 de mayo del 2011 mediante la cual se les pregunt\u00f3 a los quite\u00f1os si estaban de acuerdo con que se proh\u00edba matar al toro en la arena como parte del espect\u00e1culo, esta medida fue adoptada debido a que el 50,8% de la poblaci\u00f3n dijo estar a favor de la prohibici\u00f3n.<\/p>\n<p>Carmen Loacham\u00edn, vendedora de cuyes, manifest\u00f3 estar satisfecha con el hecho de que la feria haya sido realizada en Tambillo, ya que as\u00ed se da a conocer el lugar y sus pobladores, que se organizaron para elaborar comidas t\u00edpicas y poder vender estos platos.<\/p>\n","protected":false},"excerpt":{"rendered":"<p>La feria taurina Jes\u00fas del Gran Poder que se realiz\u00f3 por el aniversario n\u00famero 479 de la fundaci\u00f3n de Quito, en Tambillo, al sur de Quito, cumpli\u00f3 ayer su segunda jornada, en la cual participaron el torero guayaquile\u00f1o Guillermo Alb\u00e1n y el espa\u00f1ol Iv\u00e1n Fandi\u00f1o. En las afueras de la plaza de toros m\u00f3vil, varios pobladores de la parroquia se ubicaron para ofrecer durante la jornada taurina diversos tipos de comidas t\u00edpicas, adem\u00e1s de souvenirs y recuerdos relacionados con esta actividad. Los aficionados a la tauromaquia coparon las instalaciones de la plaza, y gritaban continuamente \u00a1Viva Quito! Despu\u00e9s de corear\u00a0 a capela el himno de esta ciudad, que luego tuvo acompa\u00f1amiento de fondo. Tras la consulta popular realizada el 7 de mayo del 2011 mediante la cual se les pregunt\u00f3 a los quite\u00f1os si estaban de acuerdo con que se proh\u00edba matar al toro en la arena como parte del espect\u00e1culo, esta medida fue adoptada debido a que el 50,8% de la poblaci\u00f3n dijo estar a favor de la prohibici\u00f3n. Carmen Loacham\u00edn, vendedora de cuyes, manifest\u00f3 estar satisfecha con el hecho de que la feria haya sido realizada en Tambillo, ya que as\u00ed se da a conocer el lugar y sus pobladores, que se organizaron para elaborar comidas t\u00edpicas y poder vender estos platos.<\/p>\n","protected":false},"author":1,"featured_media":222145,"comment_status":"open","ping_status":"open","sticky":false,"template":"","format":"standard","meta":[],"categories":[32,41,37],"tags":[],"_links":{"self":[{"href":"https:\/\/www.ecuadortimes.net\/es\/wp-json\/wp\/v2\/posts\/222144"}],"collection":[{"href":"https:\/\/www.ecuadortimes.net\/es\/wp-json\/wp\/v2\/posts"}],"about":[{"href":"https:\/\/www.ecuadortimes.net\/es\/wp-json\/wp\/v2\/types\/post"}],"author":[{"embeddable":true,"href":"https:\/\/www.ecuadortimes.net\/es\/wp-json\/wp\/v2\/users\/1"}],"replies":[{"embeddable":true,"href":"https:\/\/www.ecuadortimes.net\/es\/wp-json\/wp\/v2\/comments?post=222144"}],"version-history":[{"count":0,"href":"https:\/\/www.ecuadortimes.net\/es\/wp-json\/wp\/v2\/posts\/222144\/revisions"}],"wp:featuredmedia":[{"embeddable":true,"href":"https:\/\/www.ecuadortimes.net\/es\/wp-json\/wp\/v2\/media\/222145"}],"wp:attachment":[{"href":"https:\/\/www.ecuadortimes.net\/es\/wp-json\/wp\/v2\/media?parent=222144"}],"wp:term":[{"taxonomy":"category","embeddable":true,"href":"https:\/\/www.ecuadortimes.net\/es\/wp-json\/wp\/v2\/categories?post=222144"},{"taxonomy":"post_tag","embeddable":true,"href":"https:\/\/www.ecuadortimes.net\/es\/wp-json\/wp\/v2\/tags?post=222144"}],"curies":[{"name":"wp","href":"https:\/\/api.w.org\/{rel}","templated":true}]}}