{"id":222148,"date":"2013-12-02T00:00:00","date_gmt":"2013-12-02T00:00:00","guid":{"rendered":"https:\/\/www.ecuadortimes.net\/es\/27-mil-candidatos-se-registraron-para-las-elecciones-seccionales\/"},"modified":"2013-12-02T00:00:00","modified_gmt":"2013-12-02T00:00:00","slug":"27-mil-candidatos-se-registraron-para-las-elecciones-seccionales","status":"publish","type":"post","link":"https:\/\/www.ecuadortimes.net\/es\/27-mil-candidatos-se-registraron-para-las-elecciones-seccionales\/","title":{"rendered":"27 mil candidatos se registraron para las elecciones seccionales"},"content":{"rendered":"<div id=\"attachment_137778\" style=\"width: 310px\" class=\"wp-caption alignleft\"><img aria-describedby=\"caption-attachment-137778\" loading=\"lazy\" class=\"size-medium wp-image-137778 \" alt=\"Domingo Paredes\" src=\"https:\/\/www.ecuadortimes.net\/es\/wp-content\/uploads\/2013\/12\/Domingo-Paredes-300x191.jpg\" width=\"300\" height=\"191\" \/><p id=\"caption-attachment-137778\" class=\"wp-caption-text\">Domingo Paredes<\/p><\/div>\n<p>Tras el cierre del proceso de inscripciones, el Consejo Nacional Electoral (CNE) registr\u00f3 27 342 candidatos en todo el pa\u00eds; esto es un poco m\u00e1s de la mitad de los que hab\u00edan calculado al hacer la convocatoria a elecciones (alrededor de 50 mil).<\/p>\n<p>El presidente del CNE, Domingo Paredes, dijo que esperaba mas inscripciones, basado en el total de dignidades por elegirse (5 651), y el n\u00famero de organizaciones pol\u00edticas habilitadas (124). Pensamos que por ese universo de organizaciones se nos ven\u00eda una avalancha de candidatos\u009d, indic\u00f3 Paredes.<\/p>\n<p>El presidente agreg\u00f3 parece ser que el peso de las organizaciones nacionales es gravitante y hemos visto procesos complejos de alianzas, lo que disminuy\u00f3 el n\u00famero de inscritos de manera considerable\u009d.<\/p>\n<p>Solo la agrupaci\u00f3n Alianza PAIS (AP) present\u00f3 5 600 candidatos en todo el pa\u00eds y para todas las dignidades que se disputar\u00e1n en febrero pr\u00f3ximo.<\/p>\n","protected":false},"excerpt":{"rendered":"<p>Tras el cierre del proceso de inscripciones, el Consejo Nacional Electoral (CNE) registr\u00f3 27 342 candidatos en todo el pa\u00eds; esto es un poco m\u00e1s de la mitad de los que hab\u00edan calculado al hacer la convocatoria a elecciones (alrededor de 50 mil). El presidente del CNE, Domingo Paredes, dijo que esperaba mas inscripciones, basado en el total de dignidades por elegirse (5 651), y el n\u00famero de organizaciones pol\u00edticas habilitadas (124). Pensamos que por ese universo de organizaciones se nos ven\u00eda una avalancha de candidatos\u009d, indic\u00f3 Paredes. El presidente agreg\u00f3 parece ser que el peso de las organizaciones nacionales es gravitante y hemos visto procesos complejos de alianzas, lo que disminuy\u00f3 el n\u00famero de inscritos de manera considerable\u009d. Solo la agrupaci\u00f3n Alianza PAIS (AP) present\u00f3 5 600 candidatos en todo el pa\u00eds y para todas las dignidades que se disputar\u00e1n en febrero pr\u00f3ximo.<\/p>\n","protected":false},"author":1,"featured_media":222149,"comment_status":"open","ping_status":"open","sticky":false,"template":"","format":"standard","meta":[],"categories":[40,37],"tags":[],"_links":{"self":[{"href":"https:\/\/www.ecuadortimes.net\/es\/wp-json\/wp\/v2\/posts\/222148"}],"collection":[{"href":"https:\/\/www.ecuadortimes.net\/es\/wp-json\/wp\/v2\/posts"}],"about":[{"href":"https:\/\/www.ecuadortimes.net\/es\/wp-json\/wp\/v2\/types\/post"}],"author":[{"embeddable":true,"href":"https:\/\/www.ecuadortimes.net\/es\/wp-json\/wp\/v2\/users\/1"}],"replies":[{"embeddable":true,"href":"https:\/\/www.ecuadortimes.net\/es\/wp-json\/wp\/v2\/comments?post=222148"}],"version-history":[{"count":0,"href":"https:\/\/www.ecuadortimes.net\/es\/wp-json\/wp\/v2\/posts\/222148\/revisions"}],"wp:featuredmedia":[{"embeddable":true,"href":"https:\/\/www.ecuadortimes.net\/es\/wp-json\/wp\/v2\/media\/222149"}],"wp:attachment":[{"href":"https:\/\/www.ecuadortimes.net\/es\/wp-json\/wp\/v2\/media?parent=222148"}],"wp:term":[{"taxonomy":"category","embeddable":true,"href":"https:\/\/www.ecuadortimes.net\/es\/wp-json\/wp\/v2\/categories?post=222148"},{"taxonomy":"post_tag","embeddable":true,"href":"https:\/\/www.ecuadortimes.net\/es\/wp-json\/wp\/v2\/tags?post=222148"}],"curies":[{"name":"wp","href":"https:\/\/api.w.org\/{rel}","templated":true}]}}