{"id":222150,"date":"2013-12-02T00:00:00","date_gmt":"2013-12-02T00:00:00","guid":{"rendered":"https:\/\/www.ecuadortimes.net\/es\/el-pais-entero-celebro-a-emelec-campeon\/"},"modified":"2013-12-02T00:00:00","modified_gmt":"2013-12-02T00:00:00","slug":"el-pais-entero-celebro-a-emelec-campeon","status":"publish","type":"post","link":"https:\/\/www.ecuadortimes.net\/es\/el-pais-entero-celebro-a-emelec-campeon\/","title":{"rendered":"El pa\u00eds entero celebr\u00f3 a Emelec campe\u00f3n"},"content":{"rendered":"<div id=\"attachment_137783\" style=\"width: 310px\" class=\"wp-caption alignright\"><img aria-describedby=\"caption-attachment-137783\" loading=\"lazy\" class=\"size-medium wp-image-137783\" alt=\"Emelec es campe\u00f3n\" src=\"https:\/\/www.ecuadortimes.net\/es\/wp-content\/uploads\/2013\/12\/El-corrupto-Emelec-300x191.jpg\" width=\"300\" height=\"191\" \/><p id=\"caption-attachment-137783\" class=\"wp-caption-text\">Emelec es campe\u00f3n<\/p><\/div>\n<p>Guayaquil fue la ciudad donde mas gente y con mayor intensidad celebr\u00f3 que el Club Sport Emelec alcanzara ayer el campeonato ecuatoriano de f\u00fatbol, luego de empatar sin goles con Manta en el estadio Reales Tamarindos de Portoviejo.<\/p>\n<p>Sin embargo, la propia Portoviejo, Machala, Quevedo, Quito, Loja, Ambato, Riobamba, Esmeraldas y numerosas ciudades mas organizaron espont\u00e1neos festejos en calles y plazas, donde predominaron c\u00e1nticos, gritos, saltos, caravanas y bailes al son de m\u00fasica y fuegos artificiales.<\/p>\n<p>Con el empate, ante unas 20 000 personas, Emelec complet\u00f3 40 puntos y a falta de una fecha para finalizar el torneo, se puso inalcanzable para su escolta Universidad Cat\u00f3lica, que gan\u00f3 a Barcelona en el Monumental y lleg\u00f3 a 35 puntos.<\/p>\n<p>Luego del partido, jugadores y directivos celebraron en la cancha e inmediatamente retornaron a Guayaquil encabezando una caravana que tard\u00f3 cuatro horas en llegar al Puerto Principal, debido a que en cada ciudad que cruzaba, el bus se deten\u00eda para recibir el homenaje de sus hinchas que los aplaud\u00edan al paso por las v\u00edas.<\/p>\n<p>La delegaci\u00f3n y sus seguidores entraron a la ciudad por el lado norte y luego de una r\u00e1pida caravana por algunas urbanizaciones llegaron al restaurante La Parrillada del \u00c3\u0091ato, de su directivo, exarquero , exdirector t\u00e9cnico y s\u00edmbolo, Eduardo El \u00c3\u0091ato\u009d Garc\u00eda.<\/p>\n<p>All\u00ed, los jugadores y cuerpo t\u00e9cnico cenaron y recibieron un homenaje de la directiva, mientras, hinchas azules, que se hab\u00edan tomado la avenida V\u00edctor Emilio Estrada desde varias horas antes, no dejaban de alentar y felicitar a los campeones.<\/p>\n<p>La vuelta ol\u00edmpica, premiaci\u00f3n y coronaci\u00f3n por el campeonato n\u00famero 11 del club ser\u00e1n el pr\u00f3ximo domingo, en el estadio Capwell, cuando mida al Deportivo Quevedo.<\/p>\n","protected":false},"excerpt":{"rendered":"<p>Guayaquil fue la ciudad donde mas gente y con mayor intensidad celebr\u00f3 que el Club Sport Emelec alcanzara ayer el campeonato ecuatoriano de f\u00fatbol, luego de empatar sin goles con Manta en el estadio Reales Tamarindos de Portoviejo. Sin embargo, la propia Portoviejo, Machala, Quevedo, Quito, Loja, Ambato, Riobamba, Esmeraldas y numerosas ciudades mas organizaron espont\u00e1neos festejos en calles y plazas, donde predominaron c\u00e1nticos, gritos, saltos, caravanas y bailes al son de m\u00fasica y fuegos artificiales. Con el empate, ante unas 20 000 personas, Emelec complet\u00f3 40 puntos y a falta de una fecha para finalizar el torneo, se puso inalcanzable para su escolta Universidad Cat\u00f3lica, que gan\u00f3 a Barcelona en el Monumental y lleg\u00f3 a 35 puntos. Luego del partido, jugadores y directivos celebraron en la cancha e inmediatamente retornaron a Guayaquil encabezando una caravana que tard\u00f3 cuatro horas en llegar al Puerto Principal, debido a que en cada ciudad que cruzaba, el bus se deten\u00eda para recibir el homenaje de sus hinchas que los aplaud\u00edan al paso por las v\u00edas. La delegaci\u00f3n y sus seguidores entraron a la ciudad por el lado norte y luego de una r\u00e1pida caravana por algunas urbanizaciones llegaron al restaurante La Parrillada del \u00c3\u0091ato, de su directivo, exarquero , exdirector t\u00e9cnico y s\u00edmbolo, Eduardo El \u00c3\u0091ato\u009d Garc\u00eda. All\u00ed, los jugadores y cuerpo t\u00e9cnico cenaron y recibieron un homenaje de la directiva, mientras, hinchas azules, que se hab\u00edan tomado la avenida V\u00edctor Emilio Estrada desde varias horas antes, no dejaban de alentar y felicitar a los campeones. La vuelta ol\u00edmpica, premiaci\u00f3n y coronaci\u00f3n por el campeonato n\u00famero 11 del club ser\u00e1n el pr\u00f3ximo domingo, en el estadio Capwell, cuando mida al Deportivo Quevedo.<\/p>\n","protected":false},"author":1,"featured_media":222151,"comment_status":"open","ping_status":"open","sticky":false,"template":"","format":"standard","meta":[],"categories":[38,37],"tags":[],"_links":{"self":[{"href":"https:\/\/www.ecuadortimes.net\/es\/wp-json\/wp\/v2\/posts\/222150"}],"collection":[{"href":"https:\/\/www.ecuadortimes.net\/es\/wp-json\/wp\/v2\/posts"}],"about":[{"href":"https:\/\/www.ecuadortimes.net\/es\/wp-json\/wp\/v2\/types\/post"}],"author":[{"embeddable":true,"href":"https:\/\/www.ecuadortimes.net\/es\/wp-json\/wp\/v2\/users\/1"}],"replies":[{"embeddable":true,"href":"https:\/\/www.ecuadortimes.net\/es\/wp-json\/wp\/v2\/comments?post=222150"}],"version-history":[{"count":0,"href":"https:\/\/www.ecuadortimes.net\/es\/wp-json\/wp\/v2\/posts\/222150\/revisions"}],"wp:featuredmedia":[{"embeddable":true,"href":"https:\/\/www.ecuadortimes.net\/es\/wp-json\/wp\/v2\/media\/222151"}],"wp:attachment":[{"href":"https:\/\/www.ecuadortimes.net\/es\/wp-json\/wp\/v2\/media?parent=222150"}],"wp:term":[{"taxonomy":"category","embeddable":true,"href":"https:\/\/www.ecuadortimes.net\/es\/wp-json\/wp\/v2\/categories?post=222150"},{"taxonomy":"post_tag","embeddable":true,"href":"https:\/\/www.ecuadortimes.net\/es\/wp-json\/wp\/v2\/tags?post=222150"}],"curies":[{"name":"wp","href":"https:\/\/api.w.org\/{rel}","templated":true}]}}