{"id":222152,"date":"2013-12-02T00:00:00","date_gmt":"2013-12-02T00:00:00","guid":{"rendered":"https:\/\/www.ecuadortimes.net\/es\/miembros-de-la-policia-nacional-seran-sometidos-a-evaluaciones\/"},"modified":"2013-12-02T00:00:00","modified_gmt":"2013-12-02T00:00:00","slug":"miembros-de-la-policia-nacional-seran-sometidos-a-evaluaciones","status":"publish","type":"post","link":"https:\/\/www.ecuadortimes.net\/es\/miembros-de-la-policia-nacional-seran-sometidos-a-evaluaciones\/","title":{"rendered":"Miembros de la Polic\u00eda Nacional ser\u00e1n sometidos a evaluaciones"},"content":{"rendered":"<div id=\"attachment_137787\" style=\"width: 310px\" class=\"wp-caption alignleft\"><img aria-describedby=\"caption-attachment-137787\" loading=\"lazy\" class=\"size-medium wp-image-137787\" alt=\"Polic\u00eda del Ecuador ser\u00e1 evaluada\" src=\"https:\/\/www.ecuadortimes.net\/es\/wp-content\/uploads\/2013\/12\/la-corrupta-policia-del-ecuador-300x191.jpg\" width=\"300\" height=\"191\" \/><p id=\"caption-attachment-137787\" class=\"wp-caption-text\">Polic\u00eda del Ecuador ser\u00e1 evaluada<\/p><\/div>\n<p>Miembros de la Polic\u00eda Nacional ser\u00e1n sometidos a evaluaciones<\/p>\n<p>Dentro del plan de la Polic\u00eda Nacional para depurar de sus filas a los miembros que est\u00e9n presuntamente involucrados en eventos relacionados con el crimen, tambi\u00e9n se someter\u00e1n a pruebas de sustancias estupefacientes y psicotr\u00f3picas.<\/p>\n<p>La evaluaci\u00f3n ser\u00e1 realizada por la Inspector\u00eda General de la Polic\u00eda, la cual tiene previsto terminar en dos a\u00f1os y medio el proceso que se realizar\u00e1 a m\u00e1s de 40 oficiales.<\/p>\n<p>En el transcurso de este periodo se proceder\u00e1 con la desvinculaci\u00f3n de los oficiales que hayan cometido faltas administrativas graves o delitos penales.<\/p>\n<p>Mientras el general inspector de la Polic\u00eda, Fabi\u00e1n Solano, explic\u00f3 que la llamada Evaluaci\u00f3n Integral del Confianza medir\u00e1 cuatro par\u00e1metros.<\/p>\n<p>El primero, el toxicol\u00f3gico, el segundo ser\u00e1 un an\u00e1lisis socioecon\u00f3mico, esto es porque el ministro de Interior, Jos\u00e9 Serrano, denunci\u00f3 ante la Contralor\u00eda que 782 oficiales de diversos rangos no han hecho su declaraci\u00f3n de bienes del 2013. La cuarta evaluaci\u00f3n incluir\u00e1 estudios psicot\u00e9cnicos y la prueba del pol\u00edgrafo.<\/p>\n<p>Adicionalmente Serrano revel\u00f3 que en lo que va del 2013, 473 polic\u00edas han sido arrestados por sus propios compa\u00f1eros por cometer delitos.<\/p>\n","protected":false},"excerpt":{"rendered":"<p>Miembros de la Polic\u00eda Nacional ser\u00e1n sometidos a evaluaciones Dentro del plan de la Polic\u00eda Nacional para depurar de sus filas a los miembros que est\u00e9n presuntamente involucrados en eventos relacionados con el crimen, tambi\u00e9n se someter\u00e1n a pruebas de sustancias estupefacientes y psicotr\u00f3picas. La evaluaci\u00f3n ser\u00e1 realizada por la Inspector\u00eda General de la Polic\u00eda, la cual tiene previsto terminar en dos a\u00f1os y medio el proceso que se realizar\u00e1 a m\u00e1s de 40 oficiales. En el transcurso de este periodo se proceder\u00e1 con la desvinculaci\u00f3n de los oficiales que hayan cometido faltas administrativas graves o delitos penales. Mientras el general inspector de la Polic\u00eda, Fabi\u00e1n Solano, explic\u00f3 que la llamada Evaluaci\u00f3n Integral del Confianza medir\u00e1 cuatro par\u00e1metros. El primero, el toxicol\u00f3gico, el segundo ser\u00e1 un an\u00e1lisis socioecon\u00f3mico, esto es porque el ministro de Interior, Jos\u00e9 Serrano, denunci\u00f3 ante la Contralor\u00eda que 782 oficiales de diversos rangos no han hecho su declaraci\u00f3n de bienes del 2013. La cuarta evaluaci\u00f3n incluir\u00e1 estudios psicot\u00e9cnicos y la prueba del pol\u00edgrafo. Adicionalmente Serrano revel\u00f3 que en lo que va del 2013, 473 polic\u00edas han sido arrestados por sus propios compa\u00f1eros por cometer delitos.<\/p>\n","protected":false},"author":1,"featured_media":222153,"comment_status":"open","ping_status":"open","sticky":false,"template":"","format":"standard","meta":[],"categories":[30],"tags":[],"_links":{"self":[{"href":"https:\/\/www.ecuadortimes.net\/es\/wp-json\/wp\/v2\/posts\/222152"}],"collection":[{"href":"https:\/\/www.ecuadortimes.net\/es\/wp-json\/wp\/v2\/posts"}],"about":[{"href":"https:\/\/www.ecuadortimes.net\/es\/wp-json\/wp\/v2\/types\/post"}],"author":[{"embeddable":true,"href":"https:\/\/www.ecuadortimes.net\/es\/wp-json\/wp\/v2\/users\/1"}],"replies":[{"embeddable":true,"href":"https:\/\/www.ecuadortimes.net\/es\/wp-json\/wp\/v2\/comments?post=222152"}],"version-history":[{"count":0,"href":"https:\/\/www.ecuadortimes.net\/es\/wp-json\/wp\/v2\/posts\/222152\/revisions"}],"wp:featuredmedia":[{"embeddable":true,"href":"https:\/\/www.ecuadortimes.net\/es\/wp-json\/wp\/v2\/media\/222153"}],"wp:attachment":[{"href":"https:\/\/www.ecuadortimes.net\/es\/wp-json\/wp\/v2\/media?parent=222152"}],"wp:term":[{"taxonomy":"category","embeddable":true,"href":"https:\/\/www.ecuadortimes.net\/es\/wp-json\/wp\/v2\/categories?post=222152"},{"taxonomy":"post_tag","embeddable":true,"href":"https:\/\/www.ecuadortimes.net\/es\/wp-json\/wp\/v2\/tags?post=222152"}],"curies":[{"name":"wp","href":"https:\/\/api.w.org\/{rel}","templated":true}]}}