{"id":222154,"date":"2013-12-02T00:00:00","date_gmt":"2013-12-02T00:00:00","guid":{"rendered":"https:\/\/www.ecuadortimes.net\/es\/arqueologos-revelan-area-para-esculpir-las-sillas-de-mando\/"},"modified":"2013-12-02T00:00:00","modified_gmt":"2013-12-02T00:00:00","slug":"arqueologos-revelan-area-para-esculpir-las-sillas-de-mando","status":"publish","type":"post","link":"https:\/\/www.ecuadortimes.net\/es\/arqueologos-revelan-area-para-esculpir-las-sillas-de-mando\/","title":{"rendered":"Arque\u00f3logos revelan \u00e1rea para esculpir las sillas de mando"},"content":{"rendered":"<p style=\"text-align: justify;\"><img loading=\"lazy\" class=\"wp-image-137792 alignleft\" alt=\"Screen Shot 2013-12-02 at 10.29.26\" src=\"https:\/\/www.ecuadortimes.net\/es\/wp-content\/uploads\/2013\/12\/Screen-Shot-2013-12-02-at-10.29.26.png\" width=\"398\" height=\"292\" \/>Expertos encontraron una figura antropomorfa en proceso de acabado que sobresal\u00eda en un espacio de 1 m\u00b2, en el sector del cerro Jaboncillo (parroquia Picoaz\u00e1 de Portoviejo), en el centro administrativo de la cultura mante\u00f1a. A sus costados se observaban piezas afinadas con cincel de cobre.<\/p>\n<p style=\"text-align: justify;\">De acuerdo con el arque\u00f3logo Marcos Su\u00e1rez, se trata del primer sitio en el pa\u00eds donde uno de los altos mandos de la cultura mante\u00f1a esculp\u00eda las sillas de poder destinadas a los jefes tribales.<\/p>\n<p style=\"text-align: justify;\">Seg\u00fan Su\u00e1rez, este hallazgo marca un hito en la historia. Antes se conoc\u00eda que estos centros ceremoniales eran elaborados en la Costa, pero este descubrimiento confirma que es en la zona del valle donde se elaboraban estas sillas. Las partes fueron recogidas para ser reconstruidas. Se indic\u00f3 tambi\u00e9n que\u00a0 se hall\u00f3 mucha materia prima.<\/p>\n<p style=\"text-align: justify;\">La semana anterior, con el resultado de un laboratorio norteamericano que analiz\u00f3 los restos hallados en la zona, se determin\u00f3 que estos eran de 1520, a\u00f1o cuando esta zona del cerro Jaboncillo pudo ser abandonada.<\/p>\n<p style=\"text-align: justify;\">Antes de estos hallazgos se determinaba que el \u00faltimo vestigio de la cultura mante\u00f1a databa del a\u00f1o 1480\u009d, dijo Su\u00e1rez.<\/p>\n<p style=\"text-align: justify;\">Seg\u00fan el arque\u00f3logo, el lugar serv\u00eda de aposento del se\u00f1or principal, que ser\u00eda el segundo en rango tras un jefe o ser supremo. Tambi\u00e9n indica que el lugar donde se esculp\u00edan las sillas no era una especie de taller, sino un \u00e1rea que el se\u00f1or principal dejaba para elaborar su silla.<\/p>\n","protected":false},"excerpt":{"rendered":"<p>Expertos encontraron una figura antropomorfa en proceso de acabado que sobresal\u00eda en un espacio de 1 m\u00b2, en el sector del cerro Jaboncillo (parroquia Picoaz\u00e1 de Portoviejo), en el centro administrativo de la cultura mante\u00f1a. A sus costados se observaban piezas afinadas con cincel de cobre. De acuerdo con el arque\u00f3logo Marcos Su\u00e1rez, se trata del primer sitio en el pa\u00eds donde uno de los altos mandos de la cultura mante\u00f1a esculp\u00eda las sillas de poder destinadas a los jefes tribales. Seg\u00fan Su\u00e1rez, este hallazgo marca un hito en la historia. Antes se conoc\u00eda que estos centros ceremoniales eran elaborados en la Costa, pero este descubrimiento confirma que es en la zona del valle donde se elaboraban estas sillas. Las partes fueron recogidas para ser reconstruidas. Se indic\u00f3 tambi\u00e9n que\u00a0 se hall\u00f3 mucha materia prima. La semana anterior, con el resultado de un laboratorio norteamericano que analiz\u00f3 los restos hallados en la zona, se determin\u00f3 que estos eran de 1520, a\u00f1o cuando esta zona del cerro Jaboncillo pudo ser abandonada. Antes de estos hallazgos se determinaba que el \u00faltimo vestigio de la cultura mante\u00f1a databa del a\u00f1o 1480\u009d, dijo Su\u00e1rez. Seg\u00fan el arque\u00f3logo, el lugar serv\u00eda de aposento del se\u00f1or principal, que ser\u00eda el segundo en rango tras un jefe o ser supremo. Tambi\u00e9n indica que el lugar donde se esculp\u00edan las sillas no era una especie de taller, sino un \u00e1rea que el se\u00f1or principal dejaba para elaborar su silla.<\/p>\n","protected":false},"author":1,"featured_media":0,"comment_status":"open","ping_status":"open","sticky":false,"template":"","format":"standard","meta":[],"categories":[47,35,37],"tags":[],"_links":{"self":[{"href":"https:\/\/www.ecuadortimes.net\/es\/wp-json\/wp\/v2\/posts\/222154"}],"collection":[{"href":"https:\/\/www.ecuadortimes.net\/es\/wp-json\/wp\/v2\/posts"}],"about":[{"href":"https:\/\/www.ecuadortimes.net\/es\/wp-json\/wp\/v2\/types\/post"}],"author":[{"embeddable":true,"href":"https:\/\/www.ecuadortimes.net\/es\/wp-json\/wp\/v2\/users\/1"}],"replies":[{"embeddable":true,"href":"https:\/\/www.ecuadortimes.net\/es\/wp-json\/wp\/v2\/comments?post=222154"}],"version-history":[{"count":0,"href":"https:\/\/www.ecuadortimes.net\/es\/wp-json\/wp\/v2\/posts\/222154\/revisions"}],"wp:attachment":[{"href":"https:\/\/www.ecuadortimes.net\/es\/wp-json\/wp\/v2\/media?parent=222154"}],"wp:term":[{"taxonomy":"category","embeddable":true,"href":"https:\/\/www.ecuadortimes.net\/es\/wp-json\/wp\/v2\/categories?post=222154"},{"taxonomy":"post_tag","embeddable":true,"href":"https:\/\/www.ecuadortimes.net\/es\/wp-json\/wp\/v2\/tags?post=222154"}],"curies":[{"name":"wp","href":"https:\/\/api.w.org\/{rel}","templated":true}]}}