{"id":222155,"date":"2013-12-02T00:00:00","date_gmt":"2013-12-02T00:00:00","guid":{"rendered":"https:\/\/www.ecuadortimes.net\/es\/maduro-decreto-pagar-menos-por-autos\/"},"modified":"2013-12-02T00:00:00","modified_gmt":"2013-12-02T00:00:00","slug":"maduro-decreto-pagar-menos-por-autos","status":"publish","type":"post","link":"https:\/\/www.ecuadortimes.net\/es\/maduro-decreto-pagar-menos-por-autos\/","title":{"rendered":"Maduro decret\u00f3 pagar menos por autos"},"content":{"rendered":"<p><img loading=\"lazy\" class=\" wp-image-137796 alignleft\" alt=\"Screen Shot 2013-12-02 at 14.03.53\" src=\"https:\/\/www.ecuadortimes.net\/es\/wp-content\/uploads\/2013\/12\/Screen-Shot-2013-12-02-at-14.03.53.png\" width=\"311\" height=\"236\" \/>El presidente de Venezuela, Nicol\u00e1s Maduro, anunci\u00f3 que emitir\u00e1 &#8220;un decreto especial&#8221; en el que obligue a reducir los precios de veh\u00edculos; asever\u00f3 que regular\u00e1 ese mercado y favorecer\u00e1 &#8220;a la clase media&#8221;.<\/p>\n<p>Esta medida es parte de la &#8220;ofensiva econ\u00f3mica&#8221; contra &#8220;los altos precios, la especulaci\u00f3n y el capitalismo salvaje&#8221;, que Maduro lidera y que revel\u00f3 consta de &#8220;tres etapas espec\u00edficas que se desplegar\u00e1n en dos a\u00f1os&#8221;.<\/p>\n<p>&#8220;El primer objetivo que nos estamos planteando en esta primera etapa que, yo aspiro que llegue hasta enero, es el logro del equilibrio real de los valores de la econom\u00eda real&#8221;, sostuvo el mandatario, sin explicar las otras dos.<\/p>\n<p>Adem\u00e1s de la emisi\u00f3n del decreto para reducir los precios de los veh\u00edculos, Maduro dijo que este lunes comenzar\u00e1 la inspecci\u00f3n de los c\u00e1nones de alquiler de los establecimientos comerciales. Los fiscalizadores verificar\u00e1n el cumplimiento del decreto presidencial, donde estableci\u00f3 el precio m\u00e1ximo por metro cuadrado en el equivalente a 40 d\u00f3lares.<\/p>\n","protected":false},"excerpt":{"rendered":"<p>El presidente de Venezuela, Nicol\u00e1s Maduro, anunci\u00f3 que emitir\u00e1 &#8220;un decreto especial&#8221; en el que obligue a reducir los precios de veh\u00edculos; asever\u00f3 que regular\u00e1 ese mercado y favorecer\u00e1 &#8220;a la clase media&#8221;. Esta medida es parte de la &#8220;ofensiva econ\u00f3mica&#8221; contra &#8220;los altos precios, la especulaci\u00f3n y el capitalismo salvaje&#8221;, que Maduro lidera y que revel\u00f3 consta de &#8220;tres etapas espec\u00edficas que se desplegar\u00e1n en dos a\u00f1os&#8221;. &#8220;El primer objetivo que nos estamos planteando en esta primera etapa que, yo aspiro que llegue hasta enero, es el logro del equilibrio real de los valores de la econom\u00eda real&#8221;, sostuvo el mandatario, sin explicar las otras dos. Adem\u00e1s de la emisi\u00f3n del decreto para reducir los precios de los veh\u00edculos, Maduro dijo que este lunes comenzar\u00e1 la inspecci\u00f3n de los c\u00e1nones de alquiler de los establecimientos comerciales. Los fiscalizadores verificar\u00e1n el cumplimiento del decreto presidencial, donde estableci\u00f3 el precio m\u00e1ximo por metro cuadrado en el equivalente a 40 d\u00f3lares.<\/p>\n","protected":false},"author":1,"featured_media":0,"comment_status":"open","ping_status":"open","sticky":false,"template":"","format":"standard","meta":[],"categories":[34,37],"tags":[],"_links":{"self":[{"href":"https:\/\/www.ecuadortimes.net\/es\/wp-json\/wp\/v2\/posts\/222155"}],"collection":[{"href":"https:\/\/www.ecuadortimes.net\/es\/wp-json\/wp\/v2\/posts"}],"about":[{"href":"https:\/\/www.ecuadortimes.net\/es\/wp-json\/wp\/v2\/types\/post"}],"author":[{"embeddable":true,"href":"https:\/\/www.ecuadortimes.net\/es\/wp-json\/wp\/v2\/users\/1"}],"replies":[{"embeddable":true,"href":"https:\/\/www.ecuadortimes.net\/es\/wp-json\/wp\/v2\/comments?post=222155"}],"version-history":[{"count":0,"href":"https:\/\/www.ecuadortimes.net\/es\/wp-json\/wp\/v2\/posts\/222155\/revisions"}],"wp:attachment":[{"href":"https:\/\/www.ecuadortimes.net\/es\/wp-json\/wp\/v2\/media?parent=222155"}],"wp:term":[{"taxonomy":"category","embeddable":true,"href":"https:\/\/www.ecuadortimes.net\/es\/wp-json\/wp\/v2\/categories?post=222155"},{"taxonomy":"post_tag","embeddable":true,"href":"https:\/\/www.ecuadortimes.net\/es\/wp-json\/wp\/v2\/tags?post=222155"}],"curies":[{"name":"wp","href":"https:\/\/api.w.org\/{rel}","templated":true}]}}