{"id":222156,"date":"2013-12-02T00:00:00","date_gmt":"2013-12-02T00:00:00","guid":{"rendered":"https:\/\/www.ecuadortimes.net\/es\/actor-paul-walker-fallece-en-inesperado-accidente-de-auto\/"},"modified":"2013-12-02T00:00:00","modified_gmt":"2013-12-02T00:00:00","slug":"actor-paul-walker-fallece-en-inesperado-accidente-de-auto","status":"publish","type":"post","link":"https:\/\/www.ecuadortimes.net\/es\/actor-paul-walker-fallece-en-inesperado-accidente-de-auto\/","title":{"rendered":"Actor Paul Walker fallece en inesperado accidente de auto"},"content":{"rendered":"<div id=\"attachment_137799\" style=\"width: 299px\" class=\"wp-caption alignleft\"><img aria-describedby=\"caption-attachment-137799\" loading=\"lazy\" class=\"size-full wp-image-137799 \" title=\"El actor Paul Walker junto a su amigo, el piloto Roger Rodas. Abos fallecieron en el accidente\" alt=\"El actor Paul Walker junto a su amigo, el piloto Roger Rodas. Abos fallecieron en el accidente\" src=\"https:\/\/www.ecuadortimes.net\/es\/wp-content\/uploads\/2013\/12\/Screen-Shot-2013-12-02-at-11.13.55.png\" width=\"289\" height=\"271\" \/><p id=\"caption-attachment-137799\" class=\"wp-caption-text\">El actor Paul Walker junto a su amigo, el piloto Roger Rodas. Abos fallecieron en el accidente<\/p><\/div>\n<p>El protagonista de la saga de acci\u00f3n R\u00e1pido y Furioso\u009d, perdi\u00f3 la vida este s\u00e1bado 30 de noviembre en un fatal accidente automovil\u00edstico. El tr\u00e1gico accidente se suscita despu\u00e9s de que Walker asistiera a un evento de caridad para su organizaci\u00f3n Reach Out Worldwide&#8221;, una ONG creada por el actor para la recaudaci\u00f3n de fondos para las v\u00edctimas del tif\u00f3n Haiyan en Filipinas para Reach Out Worldwide (ROWW).<\/p>\n<p style=\"text-align: justify;\">Seg\u00fan los reportes de la polic\u00eda forense, \u00a0Walker y Roger Rodas, un piloto de carreras se estrellaron contra un \u00e1rbol a las 15:30 cerca de la localidad de Santa Clarita, en el condado de Los \u00c3\u0081ngeles, California. El impacto produjo la explosi\u00f3n del veh\u00edculo, matando instant\u00e1neamente a ambos pasajeros.<\/p>\n<p style=\"text-align: justify;\">Walker, de 40 a\u00f1os, hac\u00eda una pausa por el feriado de Acci\u00f3n de Gracias cuando rodaba la s\u00e9ptima entrega de la saga &#8220;Fast and Furious&#8221;, que deb\u00eda estrenarse en julio de 2014.<\/p>\n<p style=\"text-align: justify;\">El joven actor apareci\u00f3 en cinco de las seis pel\u00edculas de la taquillera serie de pel\u00edculas como protagonista junto a Vin Diesel y Michelle Rodriguez. En la vida real Walker participaba en carreras de coches, se describ\u00eda como un &#8220;hombre de aire libre. El fallecido actor deja una hija de 15 a\u00f1os, Meadow.<\/p>\n<p style=\"text-align: justify;\">Roger Rodas era amigo int\u00edmo del protagonista de la saga R\u00e1pido y Furioso, adem\u00e1s de ser piloto, tambi\u00e9n era empresario y fil\u00e1ntropo, as\u00ed como asesor financiero personal de Walker y de una larga lista de celebridades.<\/p>\n<p style=\"text-align: justify;\">\n<p><img loading=\"lazy\" class=\"size-full wp-image-137800 aligncenter\" alt=\"Screen Shot 2013-12-02 at 11.14.04\" src=\"https:\/\/www.ecuadortimes.net\/es\/wp-content\/uploads\/2013\/12\/Screen-Shot-2013-12-02-at-11.14.04.png\" width=\"379\" height=\"250\" \/><\/p>\n<p style=\"text-align: justify;\"><img loading=\"lazy\" class=\"aligncenter size-full wp-image-137801\" alt=\"Screen Shot 2013-12-02 at 11.14.22\" src=\"https:\/\/www.ecuadortimes.net\/es\/wp-content\/uploads\/2013\/12\/Screen-Shot-2013-12-02-at-11.14.22.png\" width=\"579\" height=\"449\" \/><\/p>\n<p style=\"text-align: justify;\"><img loading=\"lazy\" class=\"aligncenter size-full wp-image-137802\" alt=\"Screen Shot 2013-12-02 at 11.14.47\" src=\"https:\/\/www.ecuadortimes.net\/es\/wp-content\/uploads\/2013\/12\/Screen-Shot-2013-12-02-at-11.14.47.png\" width=\"588\" height=\"433\" \/><\/p>\n<p style=\"text-align: justify;\">\n","protected":false},"excerpt":{"rendered":"<p>El protagonista de la saga de acci\u00f3n R\u00e1pido y Furioso\u009d, perdi\u00f3 la vida este s\u00e1bado 30 de noviembre en un fatal accidente automovil\u00edstico. El tr\u00e1gico accidente se suscita despu\u00e9s de que Walker asistiera a un evento de caridad para su organizaci\u00f3n Reach Out Worldwide&#8221;, una ONG creada por el actor para la recaudaci\u00f3n de fondos para las v\u00edctimas del tif\u00f3n Haiyan en Filipinas para Reach Out Worldwide (ROWW). Seg\u00fan los reportes de la polic\u00eda forense, \u00a0Walker y Roger Rodas, un piloto de carreras se estrellaron contra un \u00e1rbol a las 15:30 cerca de la localidad de Santa Clarita, en el condado de Los \u00c3\u0081ngeles, California. El impacto produjo la explosi\u00f3n del veh\u00edculo, matando instant\u00e1neamente a ambos pasajeros. Walker, de 40 a\u00f1os, hac\u00eda una pausa por el feriado de Acci\u00f3n de Gracias cuando rodaba la s\u00e9ptima entrega de la saga &#8220;Fast and Furious&#8221;, que deb\u00eda estrenarse en julio de 2014. El joven actor apareci\u00f3 en cinco de las seis pel\u00edculas de la taquillera serie de pel\u00edculas como protagonista junto a Vin Diesel y Michelle Rodriguez. En la vida real Walker participaba en carreras de coches, se describ\u00eda como un &#8220;hombre de aire libre. El fallecido actor deja una hija de 15 a\u00f1os, Meadow. Roger Rodas era amigo int\u00edmo del protagonista de la saga R\u00e1pido y Furioso, adem\u00e1s de ser piloto, tambi\u00e9n era empresario y fil\u00e1ntropo, as\u00ed como asesor financiero personal de Walker y de una larga lista de celebridades.<\/p>\n","protected":false},"author":1,"featured_media":0,"comment_status":"open","ping_status":"open","sticky":false,"template":"","format":"standard","meta":[],"categories":[44,37],"tags":[],"_links":{"self":[{"href":"https:\/\/www.ecuadortimes.net\/es\/wp-json\/wp\/v2\/posts\/222156"}],"collection":[{"href":"https:\/\/www.ecuadortimes.net\/es\/wp-json\/wp\/v2\/posts"}],"about":[{"href":"https:\/\/www.ecuadortimes.net\/es\/wp-json\/wp\/v2\/types\/post"}],"author":[{"embeddable":true,"href":"https:\/\/www.ecuadortimes.net\/es\/wp-json\/wp\/v2\/users\/1"}],"replies":[{"embeddable":true,"href":"https:\/\/www.ecuadortimes.net\/es\/wp-json\/wp\/v2\/comments?post=222156"}],"version-history":[{"count":0,"href":"https:\/\/www.ecuadortimes.net\/es\/wp-json\/wp\/v2\/posts\/222156\/revisions"}],"wp:attachment":[{"href":"https:\/\/www.ecuadortimes.net\/es\/wp-json\/wp\/v2\/media?parent=222156"}],"wp:term":[{"taxonomy":"category","embeddable":true,"href":"https:\/\/www.ecuadortimes.net\/es\/wp-json\/wp\/v2\/categories?post=222156"},{"taxonomy":"post_tag","embeddable":true,"href":"https:\/\/www.ecuadortimes.net\/es\/wp-json\/wp\/v2\/tags?post=222156"}],"curies":[{"name":"wp","href":"https:\/\/api.w.org\/{rel}","templated":true}]}}