{"id":222157,"date":"2013-12-02T00:00:00","date_gmt":"2013-12-02T00:00:00","guid":{"rendered":"https:\/\/www.ecuadortimes.net\/es\/asamblea-discute-reformas-penales-que-incluyen-conservacion-de-datos-informaticos\/"},"modified":"2013-12-02T00:00:00","modified_gmt":"2013-12-02T00:00:00","slug":"asamblea-discute-reformas-penales-que-incluyen-conservacion-de-datos-informaticos","status":"publish","type":"post","link":"https:\/\/www.ecuadortimes.net\/es\/asamblea-discute-reformas-penales-que-incluyen-conservacion-de-datos-informaticos\/","title":{"rendered":"Asamblea discute reformas penales que incluyen conservaci\u00f3n de datos inform\u00e1ticos"},"content":{"rendered":"<div>\n<div id=\"attachment_137795\" style=\"width: 310px\" class=\"wp-caption alignleft\"><a href=\"http:\/\/www.ecuadortimes.net\/es\/wp-content\/uploads\/2013\/12\/datos.jpg\"><img aria-describedby=\"caption-attachment-137795\" loading=\"lazy\" class=\"size-medium wp-image-137795\" alt=\"Los proveedores deber\u00e1n retener los datos de sus clientes por al menos seis meses\" src=\"https:\/\/www.ecuadortimes.net\/es\/wp-content\/uploads\/2013\/12\/datos-300x187.jpg\" width=\"300\" height=\"187\" \/><\/a><p id=\"caption-attachment-137795\" class=\"wp-caption-text\">Los proveedores deber\u00e1n retener los datos de sus clientes por al menos seis meses<\/p><\/div>\n<p><strong>El art\u00edculo que propone que los proveedores de servicios inform\u00e1ticos y de telecomunicaciones retengan informaci\u00f3n de sus abonados por al menos seis meses se discute entre miembros de la Asamblea que esperan que se incluya en el nuevo C\u00f3digo Org\u00e1nico Integral Penal (COIP).<\/strong><\/p>\n<p>Armando Aguilar, asamble\u00edsta por Alianza Pa\u00eds explic\u00f3 que buscan precisar el texto de manera mucho m\u00e1s adecuada\u009d, e incluso hay quienes proponen que se elimine, argumentando que las operadoras telef\u00f3nicas y de internet ya tienen la obligaci\u00f3n de mantener el registro de sus abonados por medio de sus contratos de concesi\u00f3n.<\/p>\n<p>Charles Escobar, de la Asociaci\u00f3n de Software Libre del Ecuador, remiti\u00f3 una carta a la Asamblea el pasado 10 de octubre advirtiendo que el art\u00edculo (474) viola el derecho a la intimidad y al secreto de correspondencia que se garantiza en la Constituci\u00f3n.<\/p>\n<p>La Fiscal\u00eda hizo una propuesta similar a la del art\u00edculo original, con la diferencia de que se guarden los datos por tres y no seis meses, y destacaron que se garantice la integridad y consistencia de los registros.\u00a0 En caso de que los informes sean alterados o se hayan ocultado datos, la infracci\u00f3n se considerar\u00e1 como delito.<\/p>\n<\/div>\n","protected":false},"excerpt":{"rendered":"<p>El art\u00edculo que propone que los proveedores de servicios inform\u00e1ticos y de telecomunicaciones retengan informaci\u00f3n de sus abonados por al menos seis meses se discute entre miembros de la Asamblea que esperan que se incluya en el nuevo C\u00f3digo Org\u00e1nico Integral Penal (COIP). Armando Aguilar, asamble\u00edsta por Alianza Pa\u00eds explic\u00f3 que buscan precisar el texto de manera mucho m\u00e1s adecuada\u009d, e incluso hay quienes proponen que se elimine, argumentando que las operadoras telef\u00f3nicas y de internet ya tienen la obligaci\u00f3n de mantener el registro de sus abonados por medio de sus contratos de concesi\u00f3n. Charles Escobar, de la Asociaci\u00f3n de Software Libre del Ecuador, remiti\u00f3 una carta a la Asamblea el pasado 10 de octubre advirtiendo que el art\u00edculo (474) viola el derecho a la intimidad y al secreto de correspondencia que se garantiza en la Constituci\u00f3n. La Fiscal\u00eda hizo una propuesta similar a la del art\u00edculo original, con la diferencia de que se guarden los datos por tres y no seis meses, y destacaron que se garantice la integridad y consistencia de los registros.\u00a0 En caso de que los informes sean alterados o se hayan ocultado datos, la infracci\u00f3n se considerar\u00e1 como delito.<\/p>\n","protected":false},"author":1,"featured_media":222158,"comment_status":"open","ping_status":"open","sticky":false,"template":"","format":"standard","meta":[],"categories":[41,37],"tags":[],"_links":{"self":[{"href":"https:\/\/www.ecuadortimes.net\/es\/wp-json\/wp\/v2\/posts\/222157"}],"collection":[{"href":"https:\/\/www.ecuadortimes.net\/es\/wp-json\/wp\/v2\/posts"}],"about":[{"href":"https:\/\/www.ecuadortimes.net\/es\/wp-json\/wp\/v2\/types\/post"}],"author":[{"embeddable":true,"href":"https:\/\/www.ecuadortimes.net\/es\/wp-json\/wp\/v2\/users\/1"}],"replies":[{"embeddable":true,"href":"https:\/\/www.ecuadortimes.net\/es\/wp-json\/wp\/v2\/comments?post=222157"}],"version-history":[{"count":0,"href":"https:\/\/www.ecuadortimes.net\/es\/wp-json\/wp\/v2\/posts\/222157\/revisions"}],"wp:featuredmedia":[{"embeddable":true,"href":"https:\/\/www.ecuadortimes.net\/es\/wp-json\/wp\/v2\/media\/222158"}],"wp:attachment":[{"href":"https:\/\/www.ecuadortimes.net\/es\/wp-json\/wp\/v2\/media?parent=222157"}],"wp:term":[{"taxonomy":"category","embeddable":true,"href":"https:\/\/www.ecuadortimes.net\/es\/wp-json\/wp\/v2\/categories?post=222157"},{"taxonomy":"post_tag","embeddable":true,"href":"https:\/\/www.ecuadortimes.net\/es\/wp-json\/wp\/v2\/tags?post=222157"}],"curies":[{"name":"wp","href":"https:\/\/api.w.org\/{rel}","templated":true}]}}