{"id":222159,"date":"2013-12-02T00:00:00","date_gmt":"2013-12-02T00:00:00","guid":{"rendered":"https:\/\/www.ecuadortimes.net\/es\/universidad-de-guayaquil-se-propone-mejorar\/"},"modified":"2013-12-02T00:00:00","modified_gmt":"2013-12-02T00:00:00","slug":"universidad-de-guayaquil-se-propone-mejorar","status":"publish","type":"post","link":"https:\/\/www.ecuadortimes.net\/es\/universidad-de-guayaquil-se-propone-mejorar\/","title":{"rendered":"Universidad de Guayaquil se propone mejorar"},"content":{"rendered":"<div dir=\"ltr\">\n<div>\n<div id=\"attachment_137806\" style=\"width: 310px\" class=\"wp-caption alignleft\"><a href=\"http:\/\/www.ecuadortimes.net\/es\/wp-content\/uploads\/2013\/12\/estatal.jpg\"><img aria-describedby=\"caption-attachment-137806\" loading=\"lazy\" class=\"size-medium wp-image-137806\" alt=\"Carlos Cede\u00f1o, rector de la Universidad de Guayaquil espera subir de categor\u00eda\" src=\"https:\/\/www.ecuadortimes.net\/es\/wp-content\/uploads\/2013\/12\/estatal-300x187.jpg\" width=\"300\" height=\"187\" \/><\/a><p id=\"caption-attachment-137806\" class=\"wp-caption-text\">Carlos Cede\u00f1o, rector de la Universidad de Guayaquil espera subir de categor\u00eda<\/p><\/div>\n<p><strong>Con el fin de mejorar las debilidades que se encontraron durante la \u00faltima evaluaci\u00f3n del Consejo de Evaluaci\u00f3n, Acreditaci\u00f3n y Aseguramiento de la Calidad de la Educaci\u00f3n Superior (Ceaaces), el rector de la Universidad de Guayaquil, Carlos Cede\u00f1o, solicit\u00f3 a la entidad informaci\u00f3n exhaustiva sobre el proceso.<\/strong><\/p>\n<p><strong><\/strong>La Universidad de Guayaquil, que recientemente conmemor\u00f3 sus 146 a\u00f1os de fundaci\u00f3n, se ubic\u00f3 en la categor\u00eda D (la m\u00e1s baja)<span style=\"color: #ff0000;\">\u00a0<\/span>en la \u00faltima evaluaci\u00f3n, a diferencia de la B que obtuvo\u00a0en la evaluaci\u00f3n de 2009. Debido a esto Cede\u00f1o aspira a &#8220;incrementar esfuerzos para ser reubicados por el Ceaaces en otra categor\u00eda\u009d, expres\u00f3.<\/p>\n<p>La calificaci\u00f3n supone que la instituci\u00f3n reprob\u00f3 los cinco par\u00e1metros considerados por el Ceaaces: academia, eficiencia acad\u00e9mica, investigaci\u00f3n, organizaci\u00f3n e infraestructura.<\/p>\n<p>Cede\u00f1o destac\u00f3 que en investigaci\u00f3n se increment\u00f3 el \u0098Fondo Competitivo\u0099\u00a0 en $ 180 000, y ahora los estudiantes tienen\u00a0un presupuesto de $ 300 000 para desarrollar proyectos aplicables.<\/p>\n<p>Por su parte, Mariana Angulo, ganadora del premio Accesist Contenta, consider\u00f3 que la instituci\u00f3n fue err\u00f3neamente calificada pues se han dado mejoras en investigaci\u00f3n e infraestructura.<\/p>\n<\/div>\n<div>\n<p>&nbsp;<\/p>\n<\/div>\n<\/div>\n","protected":false},"excerpt":{"rendered":"<p>Con el fin de mejorar las debilidades que se encontraron durante la \u00faltima evaluaci\u00f3n del Consejo de Evaluaci\u00f3n, Acreditaci\u00f3n y Aseguramiento de la Calidad de la Educaci\u00f3n Superior (Ceaaces), el rector de la Universidad de Guayaquil, Carlos Cede\u00f1o, solicit\u00f3 a la entidad informaci\u00f3n exhaustiva sobre el proceso. La Universidad de Guayaquil, que recientemente conmemor\u00f3 sus 146 a\u00f1os de fundaci\u00f3n, se ubic\u00f3 en la categor\u00eda D (la m\u00e1s baja)\u00a0en la \u00faltima evaluaci\u00f3n, a diferencia de la B que obtuvo\u00a0en la evaluaci\u00f3n de 2009. Debido a esto Cede\u00f1o aspira a &#8220;incrementar esfuerzos para ser reubicados por el Ceaaces en otra categor\u00eda\u009d, expres\u00f3. La calificaci\u00f3n supone que la instituci\u00f3n reprob\u00f3 los cinco par\u00e1metros considerados por el Ceaaces: academia, eficiencia acad\u00e9mica, investigaci\u00f3n, organizaci\u00f3n e infraestructura. Cede\u00f1o destac\u00f3 que en investigaci\u00f3n se increment\u00f3 el \u0098Fondo Competitivo\u0099\u00a0 en $ 180 000, y ahora los estudiantes tienen\u00a0un presupuesto de $ 300 000 para desarrollar proyectos aplicables. Por su parte, Mariana Angulo, ganadora del premio Accesist Contenta, consider\u00f3 que la instituci\u00f3n fue err\u00f3neamente calificada pues se han dado mejoras en investigaci\u00f3n e infraestructura. &nbsp;<\/p>\n","protected":false},"author":1,"featured_media":222160,"comment_status":"open","ping_status":"open","sticky":false,"template":"","format":"standard","meta":[],"categories":[41,37],"tags":[],"_links":{"self":[{"href":"https:\/\/www.ecuadortimes.net\/es\/wp-json\/wp\/v2\/posts\/222159"}],"collection":[{"href":"https:\/\/www.ecuadortimes.net\/es\/wp-json\/wp\/v2\/posts"}],"about":[{"href":"https:\/\/www.ecuadortimes.net\/es\/wp-json\/wp\/v2\/types\/post"}],"author":[{"embeddable":true,"href":"https:\/\/www.ecuadortimes.net\/es\/wp-json\/wp\/v2\/users\/1"}],"replies":[{"embeddable":true,"href":"https:\/\/www.ecuadortimes.net\/es\/wp-json\/wp\/v2\/comments?post=222159"}],"version-history":[{"count":0,"href":"https:\/\/www.ecuadortimes.net\/es\/wp-json\/wp\/v2\/posts\/222159\/revisions"}],"wp:featuredmedia":[{"embeddable":true,"href":"https:\/\/www.ecuadortimes.net\/es\/wp-json\/wp\/v2\/media\/222160"}],"wp:attachment":[{"href":"https:\/\/www.ecuadortimes.net\/es\/wp-json\/wp\/v2\/media?parent=222159"}],"wp:term":[{"taxonomy":"category","embeddable":true,"href":"https:\/\/www.ecuadortimes.net\/es\/wp-json\/wp\/v2\/categories?post=222159"},{"taxonomy":"post_tag","embeddable":true,"href":"https:\/\/www.ecuadortimes.net\/es\/wp-json\/wp\/v2\/tags?post=222159"}],"curies":[{"name":"wp","href":"https:\/\/api.w.org\/{rel}","templated":true}]}}