{"id":222163,"date":"2013-12-03T00:00:00","date_gmt":"2013-12-03T00:00:00","guid":{"rendered":"https:\/\/www.ecuadortimes.net\/es\/gobernador-panchana-coordina-otro-simulacro\/"},"modified":"2013-12-03T00:00:00","modified_gmt":"2013-12-03T00:00:00","slug":"gobernador-panchana-coordina-otro-simulacro","status":"publish","type":"post","link":"https:\/\/www.ecuadortimes.net\/es\/gobernador-panchana-coordina-otro-simulacro\/","title":{"rendered":"Gobernador Panchana coordina otro simulacro"},"content":{"rendered":"<div id=\"attachment_137818\" style=\"width: 310px\" class=\"wp-caption alignleft\"><img aria-describedby=\"caption-attachment-137818\" loading=\"lazy\" class=\"size-medium wp-image-137818\" alt=\"Rolando Panchana\" src=\"https:\/\/www.ecuadortimes.net\/es\/wp-content\/uploads\/2013\/12\/Rolando-Panchana-300x191.jpg\" width=\"300\" height=\"191\" \/><p id=\"caption-attachment-137818\" class=\"wp-caption-text\">Rolando Panchana<\/p><\/div>\n<div>\n<p><span style=\"color: #333333;\">Despu\u00e9s de criticar la coordinaci\u00f3n del simulacro realizado el pasado viernes por al Corporaci\u00f3n para la Seguridad Ciudadana (CSCG), allegada al Cabildo, el gobernador del Guayas, Rolando Panchana, anunci\u00f3 la realizaci\u00f3n de un nuevo ensayo en la ciudad.<\/span><\/p>\n<div><span style=\"color: #333333;\">\u00a0<\/span><\/div>\n<div><span style=\"color: #333333;\">Muy pronto vamos a tener otro simulacro, como es debido, al que est\u00e1 invitado, por supuesto, el alcalde y la CSCG, como actor que tambi\u00e9n es en estos temas\u009d, indic\u00f3 Panchana, tras agregar que el pr\u00f3ximo viernes el COE provincial ha sido convocado para dise\u00f1ar planes de acci\u00f3n.<\/span><\/div>\n<div><span style=\"color: #333333;\">\u00a0<\/span><\/div>\n<\/div>\n<div><span style=\"color: #333333;\">Panchana a\u00f1adi\u00f3 que no hay posibilidad de que entidades gubernamentales participen en el simulacro anterior, porque estaba mal coordinado\u009d. A\u00f1adi\u00f3 que la Constituci\u00f3n y la ley establecen que la responsabilidad en torno a riesgos es\u00a0del Estado y no del Municipio.<\/span><\/div>\n<div><span style=\"color: #333333;\">\u00a0<\/span><\/div>\n<div><span style=\"color: #333333;\">La Municipalidad de Guayaquil y la CSCG organiz\u00f3 un simulacro la semana anterior, al que no asistieron instituciones del Ejecutivo, como Fuerzas Armadas, ministerios de Salud y otros, por disposici\u00f3n del Gobernador, lo que origin\u00f3 un cruce de agravios entre \u00e9ste y la vicealcaldesa, Dom\u00e9nica Tabacchi.<\/span><\/div>\n","protected":false},"excerpt":{"rendered":"<p>Despu\u00e9s de criticar la coordinaci\u00f3n del simulacro realizado el pasado viernes por al Corporaci\u00f3n para la Seguridad Ciudadana (CSCG), allegada al Cabildo, el gobernador del Guayas, Rolando Panchana, anunci\u00f3 la realizaci\u00f3n de un nuevo ensayo en la ciudad. \u00a0 Muy pronto vamos a tener otro simulacro, como es debido, al que est\u00e1 invitado, por supuesto, el alcalde y la CSCG, como actor que tambi\u00e9n es en estos temas\u009d, indic\u00f3 Panchana, tras agregar que el pr\u00f3ximo viernes el COE provincial ha sido convocado para dise\u00f1ar planes de acci\u00f3n. \u00a0 Panchana a\u00f1adi\u00f3 que no hay posibilidad de que entidades gubernamentales participen en el simulacro anterior, porque estaba mal coordinado\u009d. A\u00f1adi\u00f3 que la Constituci\u00f3n y la ley establecen que la responsabilidad en torno a riesgos es\u00a0del Estado y no del Municipio. \u00a0 La Municipalidad de Guayaquil y la CSCG organiz\u00f3 un simulacro la semana anterior, al que no asistieron instituciones del Ejecutivo, como Fuerzas Armadas, ministerios de Salud y otros, por disposici\u00f3n del Gobernador, lo que origin\u00f3 un cruce de agravios entre \u00e9ste y la vicealcaldesa, Dom\u00e9nica Tabacchi.<\/p>\n","protected":false},"author":1,"featured_media":222164,"comment_status":"open","ping_status":"open","sticky":false,"template":"","format":"standard","meta":[],"categories":[40,37],"tags":[],"_links":{"self":[{"href":"https:\/\/www.ecuadortimes.net\/es\/wp-json\/wp\/v2\/posts\/222163"}],"collection":[{"href":"https:\/\/www.ecuadortimes.net\/es\/wp-json\/wp\/v2\/posts"}],"about":[{"href":"https:\/\/www.ecuadortimes.net\/es\/wp-json\/wp\/v2\/types\/post"}],"author":[{"embeddable":true,"href":"https:\/\/www.ecuadortimes.net\/es\/wp-json\/wp\/v2\/users\/1"}],"replies":[{"embeddable":true,"href":"https:\/\/www.ecuadortimes.net\/es\/wp-json\/wp\/v2\/comments?post=222163"}],"version-history":[{"count":0,"href":"https:\/\/www.ecuadortimes.net\/es\/wp-json\/wp\/v2\/posts\/222163\/revisions"}],"wp:featuredmedia":[{"embeddable":true,"href":"https:\/\/www.ecuadortimes.net\/es\/wp-json\/wp\/v2\/media\/222164"}],"wp:attachment":[{"href":"https:\/\/www.ecuadortimes.net\/es\/wp-json\/wp\/v2\/media?parent=222163"}],"wp:term":[{"taxonomy":"category","embeddable":true,"href":"https:\/\/www.ecuadortimes.net\/es\/wp-json\/wp\/v2\/categories?post=222163"},{"taxonomy":"post_tag","embeddable":true,"href":"https:\/\/www.ecuadortimes.net\/es\/wp-json\/wp\/v2\/tags?post=222163"}],"curies":[{"name":"wp","href":"https:\/\/api.w.org\/{rel}","templated":true}]}}