{"id":222169,"date":"2013-12-03T00:00:00","date_gmt":"2013-12-03T00:00:00","guid":{"rendered":"https:\/\/www.ecuadortimes.net\/es\/mocion-de-censura-al-gobierno-de-ucrania-es-rechazada-por-el-parlamento\/"},"modified":"2013-12-03T00:00:00","modified_gmt":"2013-12-03T00:00:00","slug":"mocion-de-censura-al-gobierno-de-ucrania-es-rechazada-por-el-parlamento","status":"publish","type":"post","link":"https:\/\/www.ecuadortimes.net\/es\/mocion-de-censura-al-gobierno-de-ucrania-es-rechazada-por-el-parlamento\/","title":{"rendered":"Moci\u00f3n de censura al gobierno de Ucrania es rechazada por el parlamento"},"content":{"rendered":"<div id=\"attachment_137838\" style=\"width: 410px\" class=\"wp-caption alignleft\"><a href=\"http:\/\/www.ecuadortimes.net\/es\/wp-content\/uploads\/2013\/12\/Manifestaciones-en-Ucrania.jpg\"><img aria-describedby=\"caption-attachment-137838\" loading=\"lazy\" class=\"size-full wp-image-137838\" alt=\"Manifestaciones en Ucrania\" src=\"https:\/\/www.ecuadortimes.net\/es\/wp-content\/uploads\/2013\/12\/Manifestaciones-en-Ucrania.jpg\" width=\"400\" height=\"250\" \/><\/a><p id=\"caption-attachment-137838\" class=\"wp-caption-text\">Manifestaciones en Ucrania<\/p><\/div>\n<p>Pese a varias protestas callejeras, la oposici\u00f3n en Ucrania no pudo conseguir hoy la aprobaci\u00f3n de una moci\u00f3n de desconfianza en el gobierno, que tuvo el apoyo solo de 186 miembros del Parlamento, 40 menos que la mayor\u00eda necesaria para su aprobaci\u00f3n.<\/p>\n<p>La oposici\u00f3n convoc\u00f3 la votaci\u00f3n en protesta contra la decisi\u00f3n del presidente Viktor Yanukovich de abandonar la firma de un acuerdo de libre comercio con la Uni\u00f3n Europea, as\u00ed como por las violentas t\u00e1cticas empleadas por la polic\u00eda para dispersar a manifestantes que criticaban esa decisi\u00f3n.<\/p>\n<p>El primer ministro Mykola Azarov, quien se dio cita en la sesi\u00f3n parlamentaria junto a su gabinete, se disculp\u00f3 por la violencia de la polic\u00eda, pero defendi\u00f3 las acciones tomadas por el gobierno y critic\u00f3 a manifestantes que han bloqueado acceso a oficinas gubernamentales.<\/p>\n<p>Esas acciones no son el sendero hacia la integraci\u00f3n europea, sino a la dictadura&#8221;, manifest\u00f3 Azarov, golpeando la mesa con el pu\u00f1o, mientras la oposici\u00f3n abucheaba.<\/p>\n<p>Estas disputas han provocado que alrededor de 30 000 manifestantes se tomen las calles de Kiev, en la mayor muestra de indignaci\u00f3n p\u00fablica en el pa\u00eds desde la Revoluci\u00f3n Naranja del 2004.<\/p>\n","protected":false},"excerpt":{"rendered":"<p>Pese a varias protestas callejeras, la oposici\u00f3n en Ucrania no pudo conseguir hoy la aprobaci\u00f3n de una moci\u00f3n de desconfianza en el gobierno, que tuvo el apoyo solo de 186 miembros del Parlamento, 40 menos que la mayor\u00eda necesaria para su aprobaci\u00f3n. La oposici\u00f3n convoc\u00f3 la votaci\u00f3n en protesta contra la decisi\u00f3n del presidente Viktor Yanukovich de abandonar la firma de un acuerdo de libre comercio con la Uni\u00f3n Europea, as\u00ed como por las violentas t\u00e1cticas empleadas por la polic\u00eda para dispersar a manifestantes que criticaban esa decisi\u00f3n. El primer ministro Mykola Azarov, quien se dio cita en la sesi\u00f3n parlamentaria junto a su gabinete, se disculp\u00f3 por la violencia de la polic\u00eda, pero defendi\u00f3 las acciones tomadas por el gobierno y critic\u00f3 a manifestantes que han bloqueado acceso a oficinas gubernamentales. Esas acciones no son el sendero hacia la integraci\u00f3n europea, sino a la dictadura&#8221;, manifest\u00f3 Azarov, golpeando la mesa con el pu\u00f1o, mientras la oposici\u00f3n abucheaba. Estas disputas han provocado que alrededor de 30 000 manifestantes se tomen las calles de Kiev, en la mayor muestra de indignaci\u00f3n p\u00fablica en el pa\u00eds desde la Revoluci\u00f3n Naranja del 2004.<\/p>\n","protected":false},"author":1,"featured_media":222170,"comment_status":"open","ping_status":"open","sticky":false,"template":"","format":"standard","meta":[],"categories":[34,37],"tags":[],"_links":{"self":[{"href":"https:\/\/www.ecuadortimes.net\/es\/wp-json\/wp\/v2\/posts\/222169"}],"collection":[{"href":"https:\/\/www.ecuadortimes.net\/es\/wp-json\/wp\/v2\/posts"}],"about":[{"href":"https:\/\/www.ecuadortimes.net\/es\/wp-json\/wp\/v2\/types\/post"}],"author":[{"embeddable":true,"href":"https:\/\/www.ecuadortimes.net\/es\/wp-json\/wp\/v2\/users\/1"}],"replies":[{"embeddable":true,"href":"https:\/\/www.ecuadortimes.net\/es\/wp-json\/wp\/v2\/comments?post=222169"}],"version-history":[{"count":0,"href":"https:\/\/www.ecuadortimes.net\/es\/wp-json\/wp\/v2\/posts\/222169\/revisions"}],"wp:featuredmedia":[{"embeddable":true,"href":"https:\/\/www.ecuadortimes.net\/es\/wp-json\/wp\/v2\/media\/222170"}],"wp:attachment":[{"href":"https:\/\/www.ecuadortimes.net\/es\/wp-json\/wp\/v2\/media?parent=222169"}],"wp:term":[{"taxonomy":"category","embeddable":true,"href":"https:\/\/www.ecuadortimes.net\/es\/wp-json\/wp\/v2\/categories?post=222169"},{"taxonomy":"post_tag","embeddable":true,"href":"https:\/\/www.ecuadortimes.net\/es\/wp-json\/wp\/v2\/tags?post=222169"}],"curies":[{"name":"wp","href":"https:\/\/api.w.org\/{rel}","templated":true}]}}