{"id":222173,"date":"2013-12-03T00:00:00","date_gmt":"2013-12-03T00:00:00","guid":{"rendered":"https:\/\/www.ecuadortimes.net\/es\/la-espol-asesorara-a-la-universidad-de-guayaquil-para-mejorar-nivel\/"},"modified":"2013-12-03T00:00:00","modified_gmt":"2013-12-03T00:00:00","slug":"la-espol-asesorara-a-la-universidad-de-guayaquil-para-mejorar-nivel","status":"publish","type":"post","link":"https:\/\/www.ecuadortimes.net\/es\/la-espol-asesorara-a-la-universidad-de-guayaquil-para-mejorar-nivel\/","title":{"rendered":"La Espol asesorar\u00e1 a la universidad de Guayaquil para mejorar nivel"},"content":{"rendered":"<div id=\"attachment_137826\" style=\"width: 310px\" class=\"wp-caption alignleft\"><a href=\"http:\/\/www.ecuadortimes.net\/es\/wp-content\/uploads\/2013\/12\/espol.jpg\"><img aria-describedby=\"caption-attachment-137826\" loading=\"lazy\" class=\"size-medium wp-image-137826\" alt=\"La Espol firm\u00f3 un convenio con la Universidad de Guayaquil\" src=\"https:\/\/www.ecuadortimes.net\/es\/wp-content\/uploads\/2013\/12\/espol-300x187.jpg\" width=\"300\" height=\"187\" \/><\/a><p id=\"caption-attachment-137826\" class=\"wp-caption-text\">La Espol firm\u00f3 un convenio con la Universidad de Guayaquil<\/p><\/div>\n<p><strong>El rector de la Escuela Superior Polit\u00e9cnica del Litoral (Espol), Sergio Flores, explic\u00f3 ayer que la instituci\u00f3n firmar\u00e1 un convenio de respaldo t\u00e9cnico con la Universidad de Guayaquil con el fin de brindar apoyo y optimizar su calidad acad\u00e9mica.<\/strong><\/p>\n<p>La Espol se ubic\u00f3 por segunda ocasi\u00f3n en la categor\u00eda A de la evaluaci\u00f3n del Consejo de Evaluaci\u00f3n, Acreditaci\u00f3n y Aseguramiento de la Calidad de la Educaci\u00f3n Superior (Ceaaces), mientras que la Universidad de Guayaquil obtuvo la categor\u00eda m\u00e1s baja al ubicarse en la D.<\/p>\n<p>Se automatizar\u00e1n procesos en la parte acad\u00e9mica que nosotros ya tenemos en la polit\u00e9cnica y que pueden ser utilizados por la Universidad de Guayaquil\u009d, expres\u00f3 Flores, quien agreg\u00f3 que la categor\u00eda de la Espol se mantuvo debido a los esfuerzos por mejorar la investigaci\u00f3n y calidad docente. Contamos con 290 profesores titulares, de ellos 60 tienen Ph.D. y otros 50 est\u00e1n sacando doctorados\u009d, dijo.<\/p>\n<p>En tanto directivos de otras instituciones como la Universidad Central de Quito, que recibi\u00f3 la categor\u00eda B a diferencia de la A obtenida en su \u00faltima evaluaci\u00f3n, saldr\u00e1n a marchar a las calles junto a profesores y estudiantes para mostrar su descontento por la calificaci\u00f3n.<\/p>\n<p>Carlos Larre\u00e1tegui, rector de la Universidad de las Am\u00e9ricas, que obtuvo la categor\u00eda C, critic\u00f3 la evaluaci\u00f3n afirmando que se lanz\u00f3 a fines del a\u00f1o cuando est\u00e1n en medio de cambios y contrataci\u00f3n de nuevos maestros a tiempo completo.<\/p>\n","protected":false},"excerpt":{"rendered":"<p>El rector de la Escuela Superior Polit\u00e9cnica del Litoral (Espol), Sergio Flores, explic\u00f3 ayer que la instituci\u00f3n firmar\u00e1 un convenio de respaldo t\u00e9cnico con la Universidad de Guayaquil con el fin de brindar apoyo y optimizar su calidad acad\u00e9mica. La Espol se ubic\u00f3 por segunda ocasi\u00f3n en la categor\u00eda A de la evaluaci\u00f3n del Consejo de Evaluaci\u00f3n, Acreditaci\u00f3n y Aseguramiento de la Calidad de la Educaci\u00f3n Superior (Ceaaces), mientras que la Universidad de Guayaquil obtuvo la categor\u00eda m\u00e1s baja al ubicarse en la D. Se automatizar\u00e1n procesos en la parte acad\u00e9mica que nosotros ya tenemos en la polit\u00e9cnica y que pueden ser utilizados por la Universidad de Guayaquil\u009d, expres\u00f3 Flores, quien agreg\u00f3 que la categor\u00eda de la Espol se mantuvo debido a los esfuerzos por mejorar la investigaci\u00f3n y calidad docente. Contamos con 290 profesores titulares, de ellos 60 tienen Ph.D. y otros 50 est\u00e1n sacando doctorados\u009d, dijo. En tanto directivos de otras instituciones como la Universidad Central de Quito, que recibi\u00f3 la categor\u00eda B a diferencia de la A obtenida en su \u00faltima evaluaci\u00f3n, saldr\u00e1n a marchar a las calles junto a profesores y estudiantes para mostrar su descontento por la calificaci\u00f3n. Carlos Larre\u00e1tegui, rector de la Universidad de las Am\u00e9ricas, que obtuvo la categor\u00eda C, critic\u00f3 la evaluaci\u00f3n afirmando que se lanz\u00f3 a fines del a\u00f1o cuando est\u00e1n en medio de cambios y contrataci\u00f3n de nuevos maestros a tiempo completo.<\/p>\n","protected":false},"author":1,"featured_media":222174,"comment_status":"open","ping_status":"open","sticky":false,"template":"","format":"standard","meta":[],"categories":[41,37],"tags":[],"_links":{"self":[{"href":"https:\/\/www.ecuadortimes.net\/es\/wp-json\/wp\/v2\/posts\/222173"}],"collection":[{"href":"https:\/\/www.ecuadortimes.net\/es\/wp-json\/wp\/v2\/posts"}],"about":[{"href":"https:\/\/www.ecuadortimes.net\/es\/wp-json\/wp\/v2\/types\/post"}],"author":[{"embeddable":true,"href":"https:\/\/www.ecuadortimes.net\/es\/wp-json\/wp\/v2\/users\/1"}],"replies":[{"embeddable":true,"href":"https:\/\/www.ecuadortimes.net\/es\/wp-json\/wp\/v2\/comments?post=222173"}],"version-history":[{"count":0,"href":"https:\/\/www.ecuadortimes.net\/es\/wp-json\/wp\/v2\/posts\/222173\/revisions"}],"wp:featuredmedia":[{"embeddable":true,"href":"https:\/\/www.ecuadortimes.net\/es\/wp-json\/wp\/v2\/media\/222174"}],"wp:attachment":[{"href":"https:\/\/www.ecuadortimes.net\/es\/wp-json\/wp\/v2\/media?parent=222173"}],"wp:term":[{"taxonomy":"category","embeddable":true,"href":"https:\/\/www.ecuadortimes.net\/es\/wp-json\/wp\/v2\/categories?post=222173"},{"taxonomy":"post_tag","embeddable":true,"href":"https:\/\/www.ecuadortimes.net\/es\/wp-json\/wp\/v2\/tags?post=222173"}],"curies":[{"name":"wp","href":"https:\/\/api.w.org\/{rel}","templated":true}]}}