{"id":222177,"date":"2013-12-03T00:00:00","date_gmt":"2013-12-03T00:00:00","guid":{"rendered":"https:\/\/www.ecuadortimes.net\/es\/cne-diseno-un-sistema-electronico-para-detectar-gasto-de-candidatos\/"},"modified":"2013-12-03T00:00:00","modified_gmt":"2013-12-03T00:00:00","slug":"cne-diseno-un-sistema-electronico-para-detectar-gasto-de-candidatos","status":"publish","type":"post","link":"https:\/\/www.ecuadortimes.net\/es\/cne-diseno-un-sistema-electronico-para-detectar-gasto-de-candidatos\/","title":{"rendered":"CNE dise\u00f1\u00f3 un sistema electr\u00f3nico para detectar gasto de candidatos"},"content":{"rendered":"<div id=\"attachment_137836\" style=\"width: 310px\" class=\"wp-caption alignleft\"><img aria-describedby=\"caption-attachment-137836\" loading=\"lazy\" class=\"size-medium wp-image-137836\" alt=\"Domingo Paredes\" src=\"https:\/\/www.ecuadortimes.net\/es\/wp-content\/uploads\/2013\/12\/Domingo-Paredes2-300x191.jpg\" width=\"300\" height=\"191\" \/><p id=\"caption-attachment-137836\" class=\"wp-caption-text\">Domingo Paredes<\/p><\/div>\n<p>El Consejo Nacional Electoral (CNE) dise\u00f1\u00f3 un sistema propio de control del gasto electoral con informaci\u00f3n en tiempo real sobre el uso de murales y vallas publicitarias el cual regir\u00e1 hasta el 6 de enero pr\u00f3ximo.<\/p>\n<p>Dicho sistema electr\u00f3nico fue presentado ayer por el Contralor General del Estado; ambas instituciones realizar\u00e1n recorridos por el pa\u00eds. El pr\u00f3ximo 16 de diciembre estar\u00e1n en Guayas, El Oro y Santa Elena y el 17 ir\u00e1n a Manab\u00ed y Los R\u00edos, para confirmar si hay una promoci\u00f3n anticipada de los candidatos.<\/p>\n<p>Por su parte, el presidente del CNE, Domingo Paredes, inform\u00f3 que gracias al sistema de monitoreo aplicado en Quito se retiraron al menos 15 vallas donde se manifestaban nombre, apellido e imagen de la primera autoridad del Distrito Metropolitano.<\/p>\n<p>Hasta el momento se han descubierto que en el pa\u00eds se ha invertido alrededor de $ 430 mil en la promoci\u00f3n electoral a trav\u00e9s de vallas y pancartas. A\u00f1adi\u00f3 que con la campa\u00f1a anticipada se violan dos preceptos constitucionales b\u00e1sicos: el principio de la igualdad y de la equidad.<\/p>\n","protected":false},"excerpt":{"rendered":"<p>El Consejo Nacional Electoral (CNE) dise\u00f1\u00f3 un sistema propio de control del gasto electoral con informaci\u00f3n en tiempo real sobre el uso de murales y vallas publicitarias el cual regir\u00e1 hasta el 6 de enero pr\u00f3ximo. Dicho sistema electr\u00f3nico fue presentado ayer por el Contralor General del Estado; ambas instituciones realizar\u00e1n recorridos por el pa\u00eds. El pr\u00f3ximo 16 de diciembre estar\u00e1n en Guayas, El Oro y Santa Elena y el 17 ir\u00e1n a Manab\u00ed y Los R\u00edos, para confirmar si hay una promoci\u00f3n anticipada de los candidatos. Por su parte, el presidente del CNE, Domingo Paredes, inform\u00f3 que gracias al sistema de monitoreo aplicado en Quito se retiraron al menos 15 vallas donde se manifestaban nombre, apellido e imagen de la primera autoridad del Distrito Metropolitano. Hasta el momento se han descubierto que en el pa\u00eds se ha invertido alrededor de $ 430 mil en la promoci\u00f3n electoral a trav\u00e9s de vallas y pancartas. A\u00f1adi\u00f3 que con la campa\u00f1a anticipada se violan dos preceptos constitucionales b\u00e1sicos: el principio de la igualdad y de la equidad.<\/p>\n","protected":false},"author":1,"featured_media":222178,"comment_status":"open","ping_status":"open","sticky":false,"template":"","format":"standard","meta":[],"categories":[40,37],"tags":[],"_links":{"self":[{"href":"https:\/\/www.ecuadortimes.net\/es\/wp-json\/wp\/v2\/posts\/222177"}],"collection":[{"href":"https:\/\/www.ecuadortimes.net\/es\/wp-json\/wp\/v2\/posts"}],"about":[{"href":"https:\/\/www.ecuadortimes.net\/es\/wp-json\/wp\/v2\/types\/post"}],"author":[{"embeddable":true,"href":"https:\/\/www.ecuadortimes.net\/es\/wp-json\/wp\/v2\/users\/1"}],"replies":[{"embeddable":true,"href":"https:\/\/www.ecuadortimes.net\/es\/wp-json\/wp\/v2\/comments?post=222177"}],"version-history":[{"count":0,"href":"https:\/\/www.ecuadortimes.net\/es\/wp-json\/wp\/v2\/posts\/222177\/revisions"}],"wp:featuredmedia":[{"embeddable":true,"href":"https:\/\/www.ecuadortimes.net\/es\/wp-json\/wp\/v2\/media\/222178"}],"wp:attachment":[{"href":"https:\/\/www.ecuadortimes.net\/es\/wp-json\/wp\/v2\/media?parent=222177"}],"wp:term":[{"taxonomy":"category","embeddable":true,"href":"https:\/\/www.ecuadortimes.net\/es\/wp-json\/wp\/v2\/categories?post=222177"},{"taxonomy":"post_tag","embeddable":true,"href":"https:\/\/www.ecuadortimes.net\/es\/wp-json\/wp\/v2\/tags?post=222177"}],"curies":[{"name":"wp","href":"https:\/\/api.w.org\/{rel}","templated":true}]}}