{"id":222186,"date":"2013-12-03T00:00:00","date_gmt":"2013-12-03T00:00:00","guid":{"rendered":"https:\/\/www.ecuadortimes.net\/es\/policia-en-islandia-mata-a-hombre-armado-en-inusual-tiroteo\/"},"modified":"2013-12-03T00:00:00","modified_gmt":"2013-12-03T00:00:00","slug":"policia-en-islandia-mata-a-hombre-armado-en-inusual-tiroteo","status":"publish","type":"post","link":"https:\/\/www.ecuadortimes.net\/es\/policia-en-islandia-mata-a-hombre-armado-en-inusual-tiroteo\/","title":{"rendered":"Polic\u00eda en Islandia mata a hombre armado, en inusual tiroteo"},"content":{"rendered":"<p style=\"text-align: justify;\"><img loading=\"lazy\" class=\" wp-image-137859 alignleft\" alt=\"Screen Shot 2013-12-03 at 16.15.54\" src=\"https:\/\/www.ecuadortimes.net\/es\/wp-content\/uploads\/2013\/12\/Screen-Shot-2013-12-03-at-16.15.54.png\" width=\"416\" height=\"297\" \/>La polic\u00eda de este pa\u00eds se enfrent\u00f3 ayer al primer tiroteo de su historia. Varios agentes dispararon en contra de un sujeto armado hiri\u00e9ndolo de muerte, luego de que el sujeto hiriera a dos uniformados.<\/p>\n<p style=\"text-align: justify;\">Autoridades policiales explicaron que ayer recibieron una llamada en la que se solicitaba agentes para acudir a un departamento de Arbaer, despu\u00e9s de que un hombre disparara una escopeta en su interior.<\/p>\n<p style=\"text-align: justify;\">Dos polic\u00edas fueron heridos a tiros por el sospechoso cuando se dispon\u00edan a entrar al departamento. Una unidad armada especial entr\u00f3 despu\u00e9s y dispar\u00f3 contra el individuo, quien muri\u00f3 luego de ser trasladado al hospital.<\/p>\n<p style=\"text-align: justify;\">Islandia, un pa\u00eds con una poblaci\u00f3n total de 320.000 personas, tiene una tasa delictiva muy baja y la violencia armada es sumamente inusual. Los polic\u00edas regulares no portan armas de fuego.<\/p>\n<p style=\"text-align: justify;\">\n","protected":false},"excerpt":{"rendered":"<p>La polic\u00eda de este pa\u00eds se enfrent\u00f3 ayer al primer tiroteo de su historia. Varios agentes dispararon en contra de un sujeto armado hiri\u00e9ndolo de muerte, luego de que el sujeto hiriera a dos uniformados. Autoridades policiales explicaron que ayer recibieron una llamada en la que se solicitaba agentes para acudir a un departamento de Arbaer, despu\u00e9s de que un hombre disparara una escopeta en su interior. Dos polic\u00edas fueron heridos a tiros por el sospechoso cuando se dispon\u00edan a entrar al departamento. Una unidad armada especial entr\u00f3 despu\u00e9s y dispar\u00f3 contra el individuo, quien muri\u00f3 luego de ser trasladado al hospital. Islandia, un pa\u00eds con una poblaci\u00f3n total de 320.000 personas, tiene una tasa delictiva muy baja y la violencia armada es sumamente inusual. Los polic\u00edas regulares no portan armas de fuego.<\/p>\n","protected":false},"author":1,"featured_media":0,"comment_status":"open","ping_status":"open","sticky":false,"template":"","format":"standard","meta":[],"categories":[36,37],"tags":[],"_links":{"self":[{"href":"https:\/\/www.ecuadortimes.net\/es\/wp-json\/wp\/v2\/posts\/222186"}],"collection":[{"href":"https:\/\/www.ecuadortimes.net\/es\/wp-json\/wp\/v2\/posts"}],"about":[{"href":"https:\/\/www.ecuadortimes.net\/es\/wp-json\/wp\/v2\/types\/post"}],"author":[{"embeddable":true,"href":"https:\/\/www.ecuadortimes.net\/es\/wp-json\/wp\/v2\/users\/1"}],"replies":[{"embeddable":true,"href":"https:\/\/www.ecuadortimes.net\/es\/wp-json\/wp\/v2\/comments?post=222186"}],"version-history":[{"count":0,"href":"https:\/\/www.ecuadortimes.net\/es\/wp-json\/wp\/v2\/posts\/222186\/revisions"}],"wp:attachment":[{"href":"https:\/\/www.ecuadortimes.net\/es\/wp-json\/wp\/v2\/media?parent=222186"}],"wp:term":[{"taxonomy":"category","embeddable":true,"href":"https:\/\/www.ecuadortimes.net\/es\/wp-json\/wp\/v2\/categories?post=222186"},{"taxonomy":"post_tag","embeddable":true,"href":"https:\/\/www.ecuadortimes.net\/es\/wp-json\/wp\/v2\/tags?post=222186"}],"curies":[{"name":"wp","href":"https:\/\/api.w.org\/{rel}","templated":true}]}}