{"id":222193,"date":"2013-12-04T00:00:00","date_gmt":"2013-12-04T00:00:00","guid":{"rendered":"https:\/\/www.ecuadortimes.net\/es\/embajada-de-ecuador-pide-disculpas-por-enganos-del-pianista-maschietto\/"},"modified":"2013-12-04T00:00:00","modified_gmt":"2013-12-04T00:00:00","slug":"embajada-de-ecuador-pide-disculpas-por-enganos-del-pianista-maschietto","status":"publish","type":"post","link":"https:\/\/www.ecuadortimes.net\/es\/embajada-de-ecuador-pide-disculpas-por-enganos-del-pianista-maschietto\/","title":{"rendered":"Embajada de Ecuador pide disculpas por enga\u00f1os del pianista Maschietto"},"content":{"rendered":"<div id=\"attachment_137878\" style=\"width: 310px\" class=\"wp-caption alignleft\"><img aria-describedby=\"caption-attachment-137878\" loading=\"lazy\" class=\"size-medium wp-image-137878\" alt=\"Jos\u00e9 Miguel Maschietto\" src=\"https:\/\/www.ecuadortimes.net\/es\/wp-content\/uploads\/2013\/12\/Jose-Miguel-Maschietto-300x191.jpg\" width=\"300\" height=\"191\" \/><p id=\"caption-attachment-137878\" class=\"wp-caption-text\">Jos\u00e9 Miguel Maschietto<\/p><\/div>\n<p>La embajada de Ecuador en Alemania, pidi\u00f3 disculpas p\u00fablicas por los enga\u00f1os de Jos\u00e9 Miguel Maschietto, quien habr\u00eda sido candidato a c\u00f3nsul honorario del Ecuador en la Rep\u00fablica Checa.<\/p>\n<p>Por medio de un comunicado, se explic\u00f3 que tras una investigaci\u00f3n no se pudo confirmar la veracidad de la hoja de vida de Maschietto.<\/p>\n<p>En repetidas ocasiones, la embajada de Ecuador en Alemania solicit\u00f3 al se\u00f1or Maschietto presente los justificativos de su hoja de vida. El se\u00f1or Machietto asegur\u00f3 que se encontraba preparando dicha informaci\u00f3n, la misma que hasta la presente fecha no ha sido recibida. Por ello, la embajada manifiesta que ha sido v\u00edctima de un enga\u00f1o por parte del se\u00f1or Maschietto y presenta las debidas disculpas por los inconvenientes causados\u009d, explic\u00f3 el comunicado.<\/p>\n<p>Maschietto, un presunto pianista italiano de origen ecuatoriano, de 29 a\u00f1os, enfrenta un esc\u00e1ndalo por haber mentido en su hoja de vida. En un video viral que circula por Internet, realizado por Indioalzado Producciones, se puede apreciar como Maschietto menciona el nombre de prestigiosas instituciones europeas para mejorar su curriculum, y posteriormente las mismas instituciones niegan haber conocido al pianista ecuatoriano.<\/p>\n<p>Maschietto fue homenajeado por la embajada ecuatoriana en Alemania, ante la presencia de presidente Rafael Correa, durante la gira que el mandatario realiz\u00f3 por Europa en abril pasado.<\/p>\n","protected":false},"excerpt":{"rendered":"<p>La embajada de Ecuador en Alemania, pidi\u00f3 disculpas p\u00fablicas por los enga\u00f1os de Jos\u00e9 Miguel Maschietto, quien habr\u00eda sido candidato a c\u00f3nsul honorario del Ecuador en la Rep\u00fablica Checa. Por medio de un comunicado, se explic\u00f3 que tras una investigaci\u00f3n no se pudo confirmar la veracidad de la hoja de vida de Maschietto. En repetidas ocasiones, la embajada de Ecuador en Alemania solicit\u00f3 al se\u00f1or Maschietto presente los justificativos de su hoja de vida. El se\u00f1or Machietto asegur\u00f3 que se encontraba preparando dicha informaci\u00f3n, la misma que hasta la presente fecha no ha sido recibida. Por ello, la embajada manifiesta que ha sido v\u00edctima de un enga\u00f1o por parte del se\u00f1or Maschietto y presenta las debidas disculpas por los inconvenientes causados\u009d, explic\u00f3 el comunicado. Maschietto, un presunto pianista italiano de origen ecuatoriano, de 29 a\u00f1os, enfrenta un esc\u00e1ndalo por haber mentido en su hoja de vida. En un video viral que circula por Internet, realizado por Indioalzado Producciones, se puede apreciar como Maschietto menciona el nombre de prestigiosas instituciones europeas para mejorar su curriculum, y posteriormente las mismas instituciones niegan haber conocido al pianista ecuatoriano. Maschietto fue homenajeado por la embajada ecuatoriana en Alemania, ante la presencia de presidente Rafael Correa, durante la gira que el mandatario realiz\u00f3 por Europa en abril pasado.<\/p>\n","protected":false},"author":1,"featured_media":222194,"comment_status":"open","ping_status":"open","sticky":false,"template":"","format":"standard","meta":[],"categories":[40,37],"tags":[],"_links":{"self":[{"href":"https:\/\/www.ecuadortimes.net\/es\/wp-json\/wp\/v2\/posts\/222193"}],"collection":[{"href":"https:\/\/www.ecuadortimes.net\/es\/wp-json\/wp\/v2\/posts"}],"about":[{"href":"https:\/\/www.ecuadortimes.net\/es\/wp-json\/wp\/v2\/types\/post"}],"author":[{"embeddable":true,"href":"https:\/\/www.ecuadortimes.net\/es\/wp-json\/wp\/v2\/users\/1"}],"replies":[{"embeddable":true,"href":"https:\/\/www.ecuadortimes.net\/es\/wp-json\/wp\/v2\/comments?post=222193"}],"version-history":[{"count":0,"href":"https:\/\/www.ecuadortimes.net\/es\/wp-json\/wp\/v2\/posts\/222193\/revisions"}],"wp:featuredmedia":[{"embeddable":true,"href":"https:\/\/www.ecuadortimes.net\/es\/wp-json\/wp\/v2\/media\/222194"}],"wp:attachment":[{"href":"https:\/\/www.ecuadortimes.net\/es\/wp-json\/wp\/v2\/media?parent=222193"}],"wp:term":[{"taxonomy":"category","embeddable":true,"href":"https:\/\/www.ecuadortimes.net\/es\/wp-json\/wp\/v2\/categories?post=222193"},{"taxonomy":"post_tag","embeddable":true,"href":"https:\/\/www.ecuadortimes.net\/es\/wp-json\/wp\/v2\/tags?post=222193"}],"curies":[{"name":"wp","href":"https:\/\/api.w.org\/{rel}","templated":true}]}}