{"id":222197,"date":"2013-12-04T00:00:00","date_gmt":"2013-12-04T00:00:00","guid":{"rendered":"https:\/\/www.ecuadortimes.net\/es\/asambleistas-y-el-presidente-correa-se-reunen-para-definir-reformas-penales\/"},"modified":"2013-12-04T00:00:00","modified_gmt":"2013-12-04T00:00:00","slug":"asambleistas-y-el-presidente-correa-se-reunen-para-definir-reformas-penales","status":"publish","type":"post","link":"https:\/\/www.ecuadortimes.net\/es\/asambleistas-y-el-presidente-correa-se-reunen-para-definir-reformas-penales\/","title":{"rendered":"Asamble\u00edstas y el Presidente Correa se re\u00fanen para definir reformas penales"},"content":{"rendered":"<div id=\"attachment_137874\" style=\"width: 310px\" class=\"wp-caption alignleft\"><a href=\"http:\/\/www.ecuadortimes.net\/es\/wp-content\/uploads\/2013\/12\/gr.jpg\"><img aria-describedby=\"caption-attachment-137874\" loading=\"lazy\" class=\"size-medium wp-image-137874\" alt=\"Gabriela Rivadeneira y Mauro Andino se reunir\u00e1n con el Presidente\" src=\"https:\/\/www.ecuadortimes.net\/es\/wp-content\/uploads\/2013\/12\/gr-300x187.jpg\" width=\"300\" height=\"187\" \/><\/a><p id=\"caption-attachment-137874\" class=\"wp-caption-text\">Gabriela Rivadeneira y Mauro Andino se reunir\u00e1n con el Presidente<\/p><\/div>\n<p><strong>Hoy los asamble\u00edstas Mauro Andino y Gabriela Rivadeneira, titular de la Legislatura, se reunir\u00e1n con el primer mandatario para discutir varios puntos a ser integrados en el C\u00f3digo Org\u00e1nico Integral Penal como la penalizaci\u00f3n de la mala pr\u00e1ctica profesional, la conservaci\u00f3n de datos inform\u00e1ticos y sanciones a infractores adolescentes.<\/strong><\/p>\n<p><strong><\/strong>La comisi\u00f3n especial formada para una propuesta ya tiene lista la norma con respecto a la mala pr\u00e1ctica profesional que tendr\u00e1 algunos ajustes como rebajar la sanci\u00f3n de cinco a uno o tres a\u00f1os. Adem\u00e1s se incluir\u00e1 en lugar de la palabra homicidio la frase muerte por mala pr\u00e1ctica profesional\u009d y se inhabilitar\u00e1n las licencias profesionales mientras dure la condena.<\/p>\n<p>Sobre el art\u00edculo 474 que exige que los proveedores de servicios de telecomunicaciones retengan los datos de sus abonados, se discutir\u00e1 si mantenerlo o eliminarlo del C\u00f3digo Penal, como lo propuso el bloque de Alianza Pa\u00eds, y que se considere como una infracci\u00f3n cuya sanci\u00f3n ser\u00eda labor comunitaria o una pena de 30 d\u00eda<span style=\"color: #ff0000;\">s<\/span>.<\/p>\n","protected":false},"excerpt":{"rendered":"<p>Hoy los asamble\u00edstas Mauro Andino y Gabriela Rivadeneira, titular de la Legislatura, se reunir\u00e1n con el primer mandatario para discutir varios puntos a ser integrados en el C\u00f3digo Org\u00e1nico Integral Penal como la penalizaci\u00f3n de la mala pr\u00e1ctica profesional, la conservaci\u00f3n de datos inform\u00e1ticos y sanciones a infractores adolescentes. La comisi\u00f3n especial formada para una propuesta ya tiene lista la norma con respecto a la mala pr\u00e1ctica profesional que tendr\u00e1 algunos ajustes como rebajar la sanci\u00f3n de cinco a uno o tres a\u00f1os. Adem\u00e1s se incluir\u00e1 en lugar de la palabra homicidio la frase muerte por mala pr\u00e1ctica profesional\u009d y se inhabilitar\u00e1n las licencias profesionales mientras dure la condena. Sobre el art\u00edculo 474 que exige que los proveedores de servicios de telecomunicaciones retengan los datos de sus abonados, se discutir\u00e1 si mantenerlo o eliminarlo del C\u00f3digo Penal, como lo propuso el bloque de Alianza Pa\u00eds, y que se considere como una infracci\u00f3n cuya sanci\u00f3n ser\u00eda labor comunitaria o una pena de 30 d\u00edas.<\/p>\n","protected":false},"author":1,"featured_media":222198,"comment_status":"open","ping_status":"open","sticky":false,"template":"","format":"standard","meta":[],"categories":[40,37],"tags":[],"_links":{"self":[{"href":"https:\/\/www.ecuadortimes.net\/es\/wp-json\/wp\/v2\/posts\/222197"}],"collection":[{"href":"https:\/\/www.ecuadortimes.net\/es\/wp-json\/wp\/v2\/posts"}],"about":[{"href":"https:\/\/www.ecuadortimes.net\/es\/wp-json\/wp\/v2\/types\/post"}],"author":[{"embeddable":true,"href":"https:\/\/www.ecuadortimes.net\/es\/wp-json\/wp\/v2\/users\/1"}],"replies":[{"embeddable":true,"href":"https:\/\/www.ecuadortimes.net\/es\/wp-json\/wp\/v2\/comments?post=222197"}],"version-history":[{"count":0,"href":"https:\/\/www.ecuadortimes.net\/es\/wp-json\/wp\/v2\/posts\/222197\/revisions"}],"wp:featuredmedia":[{"embeddable":true,"href":"https:\/\/www.ecuadortimes.net\/es\/wp-json\/wp\/v2\/media\/222198"}],"wp:attachment":[{"href":"https:\/\/www.ecuadortimes.net\/es\/wp-json\/wp\/v2\/media?parent=222197"}],"wp:term":[{"taxonomy":"category","embeddable":true,"href":"https:\/\/www.ecuadortimes.net\/es\/wp-json\/wp\/v2\/categories?post=222197"},{"taxonomy":"post_tag","embeddable":true,"href":"https:\/\/www.ecuadortimes.net\/es\/wp-json\/wp\/v2\/tags?post=222197"}],"curies":[{"name":"wp","href":"https:\/\/api.w.org\/{rel}","templated":true}]}}