{"id":222218,"date":"2013-12-05T00:00:00","date_gmt":"2013-12-05T00:00:00","guid":{"rendered":"https:\/\/www.ecuadortimes.net\/es\/ong-se-disuelve-por-pedido-de-rafael-correa\/"},"modified":"2013-12-05T00:00:00","modified_gmt":"2013-12-05T00:00:00","slug":"ong-se-disuelve-por-pedido-de-rafael-correa","status":"publish","type":"post","link":"https:\/\/www.ecuadortimes.net\/es\/ong-se-disuelve-por-pedido-de-rafael-correa\/","title":{"rendered":"ONG se disuelve por pedido de Rafael Correa"},"content":{"rendered":"<div id=\"attachment_137918\" style=\"width: 310px\" class=\"wp-caption alignleft\"><img aria-describedby=\"caption-attachment-137918\" loading=\"lazy\" class=\"size-medium wp-image-137918\" alt=\"Fundaci\u00f3n Pachamama es disuelta\" src=\"https:\/\/www.ecuadortimes.net\/es\/wp-content\/uploads\/2013\/12\/Fundacion-Pachamama-es-disuelta-300x191.jpg\" width=\"300\" height=\"191\" \/><p id=\"caption-attachment-137918\" class=\"wp-caption-text\">Fundaci\u00f3n Pachamama es disuelta<\/p><\/div>\n<p>La fundaci\u00f3n ecol\u00f3gica Pachamama fue disuelta por el Ministerio del Ambiente, por su presunta participaci\u00f3n en las agresiones que sufrieron dos extranjeros durante las protestas contra la XI Ronda Petrolera.<\/p>\n<p>Esta decisi\u00f3n fue realizada despu\u00e9s de cuatro d\u00edas que el l\u00edder del r\u00e9gimen, Rafael Correa, pidiera sanciones para aquellos que atacaron\u009d al embajador de Chile y a un empresario de Bielorrusia, el pasado 26 de noviembre, mismo d\u00eda donde se suscit\u00f3 una cita energ\u00e9tica en Quito.<\/p>\n<p>Al mismo tiempo, el Ministerio del Interior inform\u00f3 de un reporte policial que tomar\u00e1 acciones legales en la Fiscal\u00eda, por lo que funcionarios de Ambiente y del Interior acompa\u00f1aron a la Polic\u00eda al operativo de desalojo de la fundaci\u00f3n. Donde pegaron sellos para informar sobre la disoluci\u00f3n.<\/p>\n<p>&nbsp;<\/p>\n<p>&nbsp;<\/p>\n","protected":false},"excerpt":{"rendered":"<p>La fundaci\u00f3n ecol\u00f3gica Pachamama fue disuelta por el Ministerio del Ambiente, por su presunta participaci\u00f3n en las agresiones que sufrieron dos extranjeros durante las protestas contra la XI Ronda Petrolera. Esta decisi\u00f3n fue realizada despu\u00e9s de cuatro d\u00edas que el l\u00edder del r\u00e9gimen, Rafael Correa, pidiera sanciones para aquellos que atacaron\u009d al embajador de Chile y a un empresario de Bielorrusia, el pasado 26 de noviembre, mismo d\u00eda donde se suscit\u00f3 una cita energ\u00e9tica en Quito. Al mismo tiempo, el Ministerio del Interior inform\u00f3 de un reporte policial que tomar\u00e1 acciones legales en la Fiscal\u00eda, por lo que funcionarios de Ambiente y del Interior acompa\u00f1aron a la Polic\u00eda al operativo de desalojo de la fundaci\u00f3n. Donde pegaron sellos para informar sobre la disoluci\u00f3n. &nbsp; &nbsp;<\/p>\n","protected":false},"author":1,"featured_media":222219,"comment_status":"open","ping_status":"open","sticky":false,"template":"","format":"standard","meta":[],"categories":[40,37],"tags":[],"_links":{"self":[{"href":"https:\/\/www.ecuadortimes.net\/es\/wp-json\/wp\/v2\/posts\/222218"}],"collection":[{"href":"https:\/\/www.ecuadortimes.net\/es\/wp-json\/wp\/v2\/posts"}],"about":[{"href":"https:\/\/www.ecuadortimes.net\/es\/wp-json\/wp\/v2\/types\/post"}],"author":[{"embeddable":true,"href":"https:\/\/www.ecuadortimes.net\/es\/wp-json\/wp\/v2\/users\/1"}],"replies":[{"embeddable":true,"href":"https:\/\/www.ecuadortimes.net\/es\/wp-json\/wp\/v2\/comments?post=222218"}],"version-history":[{"count":0,"href":"https:\/\/www.ecuadortimes.net\/es\/wp-json\/wp\/v2\/posts\/222218\/revisions"}],"wp:featuredmedia":[{"embeddable":true,"href":"https:\/\/www.ecuadortimes.net\/es\/wp-json\/wp\/v2\/media\/222219"}],"wp:attachment":[{"href":"https:\/\/www.ecuadortimes.net\/es\/wp-json\/wp\/v2\/media?parent=222218"}],"wp:term":[{"taxonomy":"category","embeddable":true,"href":"https:\/\/www.ecuadortimes.net\/es\/wp-json\/wp\/v2\/categories?post=222218"},{"taxonomy":"post_tag","embeddable":true,"href":"https:\/\/www.ecuadortimes.net\/es\/wp-json\/wp\/v2\/tags?post=222218"}],"curies":[{"name":"wp","href":"https:\/\/api.w.org\/{rel}","templated":true}]}}