{"id":222224,"date":"2013-12-05T00:00:00","date_gmt":"2013-12-05T00:00:00","guid":{"rendered":"https:\/\/www.ecuadortimes.net\/es\/cuatro-candidatos-a-alcaldes-quedaron-fuera-de-las-seccionales\/"},"modified":"2013-12-05T00:00:00","modified_gmt":"2013-12-05T00:00:00","slug":"cuatro-candidatos-a-alcaldes-quedaron-fuera-de-las-seccionales","status":"publish","type":"post","link":"https:\/\/www.ecuadortimes.net\/es\/cuatro-candidatos-a-alcaldes-quedaron-fuera-de-las-seccionales\/","title":{"rendered":"Cuatro candidatos a alcaldes quedaron fuera de las seccionales"},"content":{"rendered":"<div id=\"attachment_137928\" style=\"width: 310px\" class=\"wp-caption alignright\"><img aria-describedby=\"caption-attachment-137928\" loading=\"lazy\" class=\"size-medium wp-image-137928\" alt=\"Carlos Falquez\" src=\"https:\/\/www.ecuadortimes.net\/es\/wp-content\/uploads\/2013\/12\/Carlos-Falquez-300x191.jpg\" width=\"300\" height=\"191\" \/><p id=\"caption-attachment-137928\" class=\"wp-caption-text\">Carlos Falquez<\/p><\/div>\n<p>El candidato a la reelecci\u00f3n de la Alcald\u00eda de Machala, Carlos Falquez (PSC), recibi\u00f3 cinco impugnaciones a su candidatura, frente a las cuales el Consejo Nacional Electoral (CNE) lo suspendi\u00f3, al igual que hizo con otros candidatos a alcaldes, por presuntas atribuciones de ser concesionarios de frecuencias de radio y televisi\u00f3n.<\/p>\n<p>El CNE rechaz\u00f3 la inscripci\u00f3n de la candidatura de Falquez manteniendo que tiene contratos con el Estado, por la frecuencia radial 890 Khz, que opera radio Superior. El CNE dio un periodo de 48 horas al PSC para cambiar de candidato si el aspirante (Falquez) renuncia a su postulaci\u00f3n, de lo contrario podr\u00e1 apelar ante el Tribunal Contencioso Electoral (TCE).<\/p>\n<p>Domingo Paredes, el presidente del CNE, mantuvo que los problemas de las impugnaciones presentadas son serios pues violan el numeral 1 de la Constituci\u00f3n.<\/p>\n<p>Otros de las casos son los de Jos\u00e9 Naser Bitar, de AP-65, candidato a alcalde de Bol\u00edvar, en Manab\u00ed (por la frecuencia de Calceta TV); Marlon Jos\u00e9 Bonilla, de AP-65, candidato en Puerto L\u00f3pez (frecuencia\/transmisi\u00f3n por tevecable TV-PL); y Carlos Alberto Cambala, del Frente Lucha Ciudadano, candidato en La Libertad (Costa Radio). Los dos casos restantes ser\u00e1n tratados esta tarde y son del cant\u00f3n Huaquillas (El Oro) y de Manab\u00ed.<\/p>\n","protected":false},"excerpt":{"rendered":"<p>El candidato a la reelecci\u00f3n de la Alcald\u00eda de Machala, Carlos Falquez (PSC), recibi\u00f3 cinco impugnaciones a su candidatura, frente a las cuales el Consejo Nacional Electoral (CNE) lo suspendi\u00f3, al igual que hizo con otros candidatos a alcaldes, por presuntas atribuciones de ser concesionarios de frecuencias de radio y televisi\u00f3n. El CNE rechaz\u00f3 la inscripci\u00f3n de la candidatura de Falquez manteniendo que tiene contratos con el Estado, por la frecuencia radial 890 Khz, que opera radio Superior. El CNE dio un periodo de 48 horas al PSC para cambiar de candidato si el aspirante (Falquez) renuncia a su postulaci\u00f3n, de lo contrario podr\u00e1 apelar ante el Tribunal Contencioso Electoral (TCE). Domingo Paredes, el presidente del CNE, mantuvo que los problemas de las impugnaciones presentadas son serios pues violan el numeral 1 de la Constituci\u00f3n. Otros de las casos son los de Jos\u00e9 Naser Bitar, de AP-65, candidato a alcalde de Bol\u00edvar, en Manab\u00ed (por la frecuencia de Calceta TV); Marlon Jos\u00e9 Bonilla, de AP-65, candidato en Puerto L\u00f3pez (frecuencia\/transmisi\u00f3n por tevecable TV-PL); y Carlos Alberto Cambala, del Frente Lucha Ciudadano, candidato en La Libertad (Costa Radio). Los dos casos restantes ser\u00e1n tratados esta tarde y son del cant\u00f3n Huaquillas (El Oro) y de Manab\u00ed.<\/p>\n","protected":false},"author":1,"featured_media":222225,"comment_status":"open","ping_status":"open","sticky":false,"template":"","format":"standard","meta":[],"categories":[40,37],"tags":[],"_links":{"self":[{"href":"https:\/\/www.ecuadortimes.net\/es\/wp-json\/wp\/v2\/posts\/222224"}],"collection":[{"href":"https:\/\/www.ecuadortimes.net\/es\/wp-json\/wp\/v2\/posts"}],"about":[{"href":"https:\/\/www.ecuadortimes.net\/es\/wp-json\/wp\/v2\/types\/post"}],"author":[{"embeddable":true,"href":"https:\/\/www.ecuadortimes.net\/es\/wp-json\/wp\/v2\/users\/1"}],"replies":[{"embeddable":true,"href":"https:\/\/www.ecuadortimes.net\/es\/wp-json\/wp\/v2\/comments?post=222224"}],"version-history":[{"count":0,"href":"https:\/\/www.ecuadortimes.net\/es\/wp-json\/wp\/v2\/posts\/222224\/revisions"}],"wp:featuredmedia":[{"embeddable":true,"href":"https:\/\/www.ecuadortimes.net\/es\/wp-json\/wp\/v2\/media\/222225"}],"wp:attachment":[{"href":"https:\/\/www.ecuadortimes.net\/es\/wp-json\/wp\/v2\/media?parent=222224"}],"wp:term":[{"taxonomy":"category","embeddable":true,"href":"https:\/\/www.ecuadortimes.net\/es\/wp-json\/wp\/v2\/categories?post=222224"},{"taxonomy":"post_tag","embeddable":true,"href":"https:\/\/www.ecuadortimes.net\/es\/wp-json\/wp\/v2\/tags?post=222224"}],"curies":[{"name":"wp","href":"https:\/\/api.w.org\/{rel}","templated":true}]}}