{"id":222227,"date":"2013-12-05T00:00:00","date_gmt":"2013-12-05T00:00:00","guid":{"rendered":"https:\/\/www.ecuadortimes.net\/es\/papa-francisco-sale-en-las-noches-en-secreto-para-ayudar-a-los-pobres\/"},"modified":"2013-12-05T00:00:00","modified_gmt":"2013-12-05T00:00:00","slug":"papa-francisco-sale-en-las-noches-en-secreto-para-ayudar-a-los-pobres","status":"publish","type":"post","link":"https:\/\/www.ecuadortimes.net\/es\/papa-francisco-sale-en-las-noches-en-secreto-para-ayudar-a-los-pobres\/","title":{"rendered":"Papa Francisco sale en las noches en secreto para ayudar a los pobres"},"content":{"rendered":"<p style=\"text-align: justify;\"><img loading=\"lazy\" class=\" wp-image-137934 alignright\" alt=\"Screen Shot 2013-12-05 at 10.56.06\" src=\"https:\/\/www.ecuadortimes.net\/es\/wp-content\/uploads\/2013\/12\/Screen-Shot-2013-12-05-at-10.56.06.png\" width=\"320\" height=\"224\" \/>El diario The Huffington Post public\u00f3 que una fuente vaticana habr\u00eda confirmado que de vez en cuando, el papa argentino se viste de sacerdote para salir de inc\u00f3gnito por la capital italiana a dar limosnas a los pobres.<\/p>\n<p style=\"text-align: justify;\">Esta noticia se dio a conocer despu\u00e9s de que el arzobispo polaco Konrad Krajewski, denominado el &#8220;Limosnero del Vaticano&#8221; por ser quien designa parte de la riqueza de la Santa Sede a los m\u00e1s necesitados, declar\u00f3: &#8220;Cuando le digo \u00abVoy a salir a la ciudad esta noche\u00bb, existe el riesgo constante de que venga conmigo&#8221;. Luego se le consult\u00f3 si alguna vez hab\u00eda sucedido y el arzobispo solo sonri\u00f3, despertando la incertidumbre.<\/p>\n<p style=\"text-align: justify;\">Una fuente fidedigna de Roma dijo al diario americano que &#8220;los guardias suizos confirmaron que [el Papa] se ha aventurado a salir por la noche, vestido como un sacerdote regular, para reunirse con hombres y mujeres sin hogar&#8221;.<\/p>\n<p style=\"text-align: justify;\">The Huffington Post hizo hincapi\u00e9 que Bergoglio en su \u00e9poca de arzobispo de Buenos Aires, hac\u00eda lo mismo para reunirse con los m\u00e1s necesitados.<br \/>\nDe confirmarse esta versi\u00f3n, no ser\u00eda la primera vez que sucede, pues aun se recuerda a Juan XXIII salir a escondidas para disfrutar de Roma por la noche; al igual que el papa P\u00edo XII, cuando en la \u00e9poca de la Segunda Guerra Mundial se vest\u00eda como franciscano para ayudar a refugiarse a los jud\u00edos italianos.<\/p>\n","protected":false},"excerpt":{"rendered":"<p>El diario The Huffington Post public\u00f3 que una fuente vaticana habr\u00eda confirmado que de vez en cuando, el papa argentino se viste de sacerdote para salir de inc\u00f3gnito por la capital italiana a dar limosnas a los pobres. Esta noticia se dio a conocer despu\u00e9s de que el arzobispo polaco Konrad Krajewski, denominado el &#8220;Limosnero del Vaticano&#8221; por ser quien designa parte de la riqueza de la Santa Sede a los m\u00e1s necesitados, declar\u00f3: &#8220;Cuando le digo \u00abVoy a salir a la ciudad esta noche\u00bb, existe el riesgo constante de que venga conmigo&#8221;. Luego se le consult\u00f3 si alguna vez hab\u00eda sucedido y el arzobispo solo sonri\u00f3, despertando la incertidumbre. Una fuente fidedigna de Roma dijo al diario americano que &#8220;los guardias suizos confirmaron que [el Papa] se ha aventurado a salir por la noche, vestido como un sacerdote regular, para reunirse con hombres y mujeres sin hogar&#8221;. The Huffington Post hizo hincapi\u00e9 que Bergoglio en su \u00e9poca de arzobispo de Buenos Aires, hac\u00eda lo mismo para reunirse con los m\u00e1s necesitados. De confirmarse esta versi\u00f3n, no ser\u00eda la primera vez que sucede, pues aun se recuerda a Juan XXIII salir a escondidas para disfrutar de Roma por la noche; al igual que el papa P\u00edo XII, cuando en la \u00e9poca de la Segunda Guerra Mundial se vest\u00eda como franciscano para ayudar a refugiarse a los jud\u00edos italianos.<\/p>\n","protected":false},"author":1,"featured_media":0,"comment_status":"open","ping_status":"open","sticky":false,"template":"","format":"standard","meta":[],"categories":[36,37],"tags":[],"_links":{"self":[{"href":"https:\/\/www.ecuadortimes.net\/es\/wp-json\/wp\/v2\/posts\/222227"}],"collection":[{"href":"https:\/\/www.ecuadortimes.net\/es\/wp-json\/wp\/v2\/posts"}],"about":[{"href":"https:\/\/www.ecuadortimes.net\/es\/wp-json\/wp\/v2\/types\/post"}],"author":[{"embeddable":true,"href":"https:\/\/www.ecuadortimes.net\/es\/wp-json\/wp\/v2\/users\/1"}],"replies":[{"embeddable":true,"href":"https:\/\/www.ecuadortimes.net\/es\/wp-json\/wp\/v2\/comments?post=222227"}],"version-history":[{"count":0,"href":"https:\/\/www.ecuadortimes.net\/es\/wp-json\/wp\/v2\/posts\/222227\/revisions"}],"wp:attachment":[{"href":"https:\/\/www.ecuadortimes.net\/es\/wp-json\/wp\/v2\/media?parent=222227"}],"wp:term":[{"taxonomy":"category","embeddable":true,"href":"https:\/\/www.ecuadortimes.net\/es\/wp-json\/wp\/v2\/categories?post=222227"},{"taxonomy":"post_tag","embeddable":true,"href":"https:\/\/www.ecuadortimes.net\/es\/wp-json\/wp\/v2\/tags?post=222227"}],"curies":[{"name":"wp","href":"https:\/\/api.w.org\/{rel}","templated":true}]}}