{"id":222229,"date":"2013-12-05T00:00:00","date_gmt":"2013-12-05T00:00:00","guid":{"rendered":"https:\/\/www.ecuadortimes.net\/es\/ecuatoriano-pierde-la-cordura-y-mata-a-su-familia-en-florida-despues-se-suicida\/"},"modified":"2013-12-05T00:00:00","modified_gmt":"2013-12-05T00:00:00","slug":"ecuatoriano-pierde-la-cordura-y-mata-a-su-familia-en-florida-despues-se-suicida","status":"publish","type":"post","link":"https:\/\/www.ecuadortimes.net\/es\/ecuatoriano-pierde-la-cordura-y-mata-a-su-familia-en-florida-despues-se-suicida\/","title":{"rendered":"Ecuatoriano pierde la cordura y mata a su familia en Florida despu\u00e9s se suicida"},"content":{"rendered":"<div id=\"attachment_137941\" style=\"width: 310px\" class=\"wp-caption alignright\"><img aria-describedby=\"caption-attachment-137941\" loading=\"lazy\" class=\"size-medium wp-image-137941\" alt=\"Ecuatoriano mata a su familia\" src=\"https:\/\/www.ecuadortimes.net\/es\/wp-content\/uploads\/2013\/12\/Ecuatoriano-mata-a-su-familia-300x191.jpg\" width=\"300\" height=\"191\" \/><p id=\"caption-attachment-137941\" class=\"wp-caption-text\">Ecuatoriano mata a su familia<\/p><\/div>\n<p>Pedro Jos\u00e9 Maldonado, un ecuatoriano de 53 a\u00f1os que viv\u00eda en 4266 Vineyard Circle de la comunidad Courtyard at the Grove, de Weston, Florida, asesin\u00f3 a su esposa, M\u00f3nica Narv\u00e1ez-Maldonado, de 47, y a su hijo Pedro Jos\u00e9 Jr., de 19, en su casa, el pasado lunes, usando como arma una ballesta; despu\u00e9s de intentar matar, sin \u00e9xito, a su segundo hijo, de 21 a\u00f1os, se suicid\u00f3.<\/p>\n<p>Luego del doble crimen, Maldonado fue por la carretera a Tallahassee, donde vive su hijo mayor, Jos\u00e9 Maldonado y le dispar\u00f3, pero este se volte\u00f3 a tiempo y la flecha le dio en una oreja, tras fallar su intento el ecuatoriano intent\u00f3 estrangularlo, pero Jos\u00e9 se defendi\u00f3 y su padre huy\u00f3, su hijo no hizo ning\u00fan reporte sobre el atentado.<\/p>\n<p>La conciencia del ecuatoriano hizo que confesara su crimen a un amigo en Miami, horas despu\u00e9s un equipo SWAT lo encontr\u00f3 muerto en el ba\u00f1o de un motel. Se hab\u00eda cortado la garganta con un cuchillo.<\/p>\n<p>Hasta el momento la polic\u00eda no ha dado a conocer los motivos que llevaron al ecuatoriano a realizar las acciones que hizo. Sin embargo Vina Sink, madre de un compa\u00f1ero de escuela de Pedro Jr., dijo que Maldonado tem\u00eda ser deportado a Ecuador.<\/p>\n","protected":false},"excerpt":{"rendered":"<p>Pedro Jos\u00e9 Maldonado, un ecuatoriano de 53 a\u00f1os que viv\u00eda en 4266 Vineyard Circle de la comunidad Courtyard at the Grove, de Weston, Florida, asesin\u00f3 a su esposa, M\u00f3nica Narv\u00e1ez-Maldonado, de 47, y a su hijo Pedro Jos\u00e9 Jr., de 19, en su casa, el pasado lunes, usando como arma una ballesta; despu\u00e9s de intentar matar, sin \u00e9xito, a su segundo hijo, de 21 a\u00f1os, se suicid\u00f3. Luego del doble crimen, Maldonado fue por la carretera a Tallahassee, donde vive su hijo mayor, Jos\u00e9 Maldonado y le dispar\u00f3, pero este se volte\u00f3 a tiempo y la flecha le dio en una oreja, tras fallar su intento el ecuatoriano intent\u00f3 estrangularlo, pero Jos\u00e9 se defendi\u00f3 y su padre huy\u00f3, su hijo no hizo ning\u00fan reporte sobre el atentado. La conciencia del ecuatoriano hizo que confesara su crimen a un amigo en Miami, horas despu\u00e9s un equipo SWAT lo encontr\u00f3 muerto en el ba\u00f1o de un motel. Se hab\u00eda cortado la garganta con un cuchillo. Hasta el momento la polic\u00eda no ha dado a conocer los motivos que llevaron al ecuatoriano a realizar las acciones que hizo. Sin embargo Vina Sink, madre de un compa\u00f1ero de escuela de Pedro Jr., dijo que Maldonado tem\u00eda ser deportado a Ecuador.<\/p>\n","protected":false},"author":1,"featured_media":222230,"comment_status":"open","ping_status":"open","sticky":false,"template":"","format":"standard","meta":[],"categories":[35,37],"tags":[],"_links":{"self":[{"href":"https:\/\/www.ecuadortimes.net\/es\/wp-json\/wp\/v2\/posts\/222229"}],"collection":[{"href":"https:\/\/www.ecuadortimes.net\/es\/wp-json\/wp\/v2\/posts"}],"about":[{"href":"https:\/\/www.ecuadortimes.net\/es\/wp-json\/wp\/v2\/types\/post"}],"author":[{"embeddable":true,"href":"https:\/\/www.ecuadortimes.net\/es\/wp-json\/wp\/v2\/users\/1"}],"replies":[{"embeddable":true,"href":"https:\/\/www.ecuadortimes.net\/es\/wp-json\/wp\/v2\/comments?post=222229"}],"version-history":[{"count":0,"href":"https:\/\/www.ecuadortimes.net\/es\/wp-json\/wp\/v2\/posts\/222229\/revisions"}],"wp:featuredmedia":[{"embeddable":true,"href":"https:\/\/www.ecuadortimes.net\/es\/wp-json\/wp\/v2\/media\/222230"}],"wp:attachment":[{"href":"https:\/\/www.ecuadortimes.net\/es\/wp-json\/wp\/v2\/media?parent=222229"}],"wp:term":[{"taxonomy":"category","embeddable":true,"href":"https:\/\/www.ecuadortimes.net\/es\/wp-json\/wp\/v2\/categories?post=222229"},{"taxonomy":"post_tag","embeddable":true,"href":"https:\/\/www.ecuadortimes.net\/es\/wp-json\/wp\/v2\/tags?post=222229"}],"curies":[{"name":"wp","href":"https:\/\/api.w.org\/{rel}","templated":true}]}}