{"id":222231,"date":"2013-12-05T00:00:00","date_gmt":"2013-12-05T00:00:00","guid":{"rendered":"https:\/\/www.ecuadortimes.net\/es\/nelson-mandela-el-hombre-que-vencio-el-apartheid\/"},"modified":"2013-12-05T00:00:00","modified_gmt":"2013-12-05T00:00:00","slug":"nelson-mandela-el-hombre-que-vencio-el-apartheid","status":"publish","type":"post","link":"https:\/\/www.ecuadortimes.net\/es\/nelson-mandela-el-hombre-que-vencio-el-apartheid\/","title":{"rendered":"Nelson Mandela, el hombre que venci\u00f3 el apartheid"},"content":{"rendered":"<h2 style=\"text-align: justify;\">Autoridades sudafricanas confirmaron esta tarde el fallecimiento del l\u00edder mundial Nelson Mandela.<\/h2>\n<p style=\"text-align: justify;\"><img loading=\"lazy\" class=\"wp-image-137944 alignleft\" alt=\"Nelson-Mandela\" src=\"https:\/\/www.ecuadortimes.net\/es\/wp-content\/uploads\/2013\/12\/Nelson-Mandela.jpg\" width=\"420\" height=\"280\" \/>Nelson Rolihlahla Mandela, llamado afectuosamente Madiba, naci\u00f3 en Mvezo, Uni\u00f3n de Sud\u00e1frica (actual Rep\u00fablica de Sud\u00e1frica), el 18 de julio de 1918. Estudi\u00f3 leyes en la universidad Wiswatersrand de Johannesburgo, recibi\u00e9ndose en 1942 como abogado.<\/p>\n<p style=\"text-align: justify;\">Ejerci\u00f3 la pol\u00edtica a temprana edad. Cre\u00f3 el Partido Nacional Sudafricano en 1948 y cobr\u00f3 importancia dentro del Congreso Nacional Africano con la campa\u00f1a de desobediencia civil de 1952, en abierta lucha contra la pol\u00edtica de segregaci\u00f3n racial, el Apartheid (separaci\u00f3n) impuesta por los blancos que gobernaban el pa\u00eds para alejar a los negros de la posibilidad de acceder al poder y alejados del entorno socioecon\u00f3mico y algunas libertades. Cre\u00f3 el Congreso del Pueblo de 1955, donde promulg\u00f3 la &#8220;Carta de la Libertad&#8221;.<\/p>\n<p style=\"text-align: justify;\">En 1962 Mandela fue arrestado y condenado por sabotaje, adem\u00e1s de otros cargos, a cadena perpetua. Estuvo recluido en 1964 en la prisi\u00f3n de Robben Island durante 17 a\u00f1os, en precarias condiciones. Posteriormente pasar\u00eda otros 10 a\u00f1os en otras dos c\u00e1rceles, sumando una pena total de 27 a\u00f1os. Como recluso, \u00e9l y otros realizaban trabajos forzados en una cantera de cal, lo que a\u00f1os despu\u00e9s repercutir\u00eda en una fuerte tuberculosis y severos da\u00f1os irreparables en sus pulmones.<\/p>\n<p style=\"text-align: justify;\">Durante su reclusi\u00f3n, la reputaci\u00f3n de Mandela creci\u00f3, llegando a ser conocido como el l\u00edder negro m\u00e1s importante en Sud\u00e1frica. Se convirti\u00f3 en un s\u00edmbolo de la lucha contra el apartheid dentro y fuera del pa\u00eds; una figura legendaria que representaba la falta de libertad de todos los hombres negros sudafricanos.<\/p>\n<p><img loading=\"lazy\" class=\" wp-image-137945 alignright\" alt=\"Screen Shot 2013-12-05 at 17.08.49\" src=\"https:\/\/www.ecuadortimes.net\/es\/wp-content\/uploads\/2013\/12\/Screen-Shot-2013-12-05-at-17.08.49.png\" width=\"366\" height=\"237\" \/>En febrero de 1985 el Presidente Botha ofreci\u00f3 la liberaci\u00f3n condicional de Mandela a cambio de que renunciara a la lucha armada. Mandela rechaz\u00f3 la oferta, comunicando, a trav\u00e9s de su hija Zindzi: &#8220;\u00bfQu\u00e9 libertad se me ofrece, mientras sigue prohibida la organizaci\u00f3n de la gente? S\u00f3lo los hombres libres pueden negociar. Un preso no puede entrar en los contratos.&#8221;<\/p>\n<p style=\"text-align: justify;\">Durante su reclusi\u00f3n, su lucha tuvo eco en Sud\u00e1frica y en el mundo y su segunda esposa, Winnie Madikizela (1958-1994), lider\u00f3 sus planteamientos y fue su vocera. Tambi\u00e9n estuvo casado con Evelyn Mase (1944\u00931956) y Gra\u00c3\u00a7a Machel (actual c\u00f3nyuge, desde 1998). Tiene cinco hijos.<\/p>\n<p style=\"text-align: justify;\">En 1988 Mandela fue trasladado a la prisi\u00f3n V\u00edctor Verster, permaneciendo all\u00ed hasta su liberaci\u00f3n. En 1989 el Presidente Botha sufre un derrame cerebral y es sustituido por Frederik Willem de Klerk, quien el 11 febrero de 1990 anuncia la liberaci\u00f3n de Mandela.<\/p>\n<p style=\"text-align: justify;\">Una vez libre, Mandela lidera a su partido en las negociaciones para conseguir una democracia multirracial en Sud\u00e1frica. Se convirti\u00f3 en el presidente negro de Sud\u00e1frica elegido democr\u00e1ticamente en 1994 hasta 1999, mediante sufragio universal. Su lucha dio un giro de combatir el apartheid hacia la reconciliaci\u00f3n nacional. Recibi\u00f3 m\u00e1s de 250 premios y reconocimientos internacionales durante cuatro d\u00e9cadas, incluido en 1993 el Premio Nobel de la Paz, en conjunto con De Klerk, a quien, en se\u00f1al de su pacifismo, mantuvo como su vicepresidente.<\/p>\n<p style=\"text-align: justify;\">Su \u00faltima aparici\u00f3n p\u00fablica fue en la clausura del mundial de f\u00fatbol de Sud\u00e1frica 2010. Desde esa fecha tuvo varias quebrantos en su salud.<\/p>\n<p style=\"text-align: justify;\"><img loading=\"lazy\" class=\"aligncenter size-full wp-image-137946\" alt=\"Screen Shot 2013-12-05 at 17.08.32\" src=\"https:\/\/www.ecuadortimes.net\/es\/wp-content\/uploads\/2013\/12\/Screen-Shot-2013-12-05-at-17.08.32.png\" width=\"294\" height=\"416\" \/><\/p>\n<p style=\"text-align: justify;\"><img loading=\"lazy\" class=\"aligncenter size-full wp-image-137947\" alt=\"Screen Shot 2013-12-05 at 17.11.31\" src=\"https:\/\/www.ecuadortimes.net\/es\/wp-content\/uploads\/2013\/12\/Screen-Shot-2013-12-05-at-17.11.31.png\" width=\"515\" height=\"406\" \/><\/p>\n<p style=\"text-align: center;\"><img loading=\"lazy\" class=\"aligncenter  wp-image-137948\" alt=\"Screen Shot 2013-12-05 at 17.11.41\" src=\"https:\/\/www.ecuadortimes.net\/es\/wp-content\/uploads\/2013\/12\/Screen-Shot-2013-12-05-at-17.11.41.png\" width=\"586\" height=\"465\" \/><\/p>\n","protected":false},"excerpt":{"rendered":"<p>Autoridades sudafricanas confirmaron esta tarde el fallecimiento del l\u00edder mundial Nelson Mandela. Nelson Rolihlahla Mandela, llamado afectuosamente Madiba, naci\u00f3 en Mvezo, Uni\u00f3n de Sud\u00e1frica (actual Rep\u00fablica de Sud\u00e1frica), el 18 de julio de 1918. Estudi\u00f3 leyes en la universidad Wiswatersrand de Johannesburgo, recibi\u00e9ndose en 1942 como abogado. Ejerci\u00f3 la pol\u00edtica a temprana edad. Cre\u00f3 el Partido Nacional Sudafricano en 1948 y cobr\u00f3 importancia dentro del Congreso Nacional Africano con la campa\u00f1a de desobediencia civil de 1952, en abierta lucha contra la pol\u00edtica de segregaci\u00f3n racial, el Apartheid (separaci\u00f3n) impuesta por los blancos que gobernaban el pa\u00eds para alejar a los negros de la posibilidad de acceder al poder y alejados del entorno socioecon\u00f3mico y algunas libertades. Cre\u00f3 el Congreso del Pueblo de 1955, donde promulg\u00f3 la &#8220;Carta de la Libertad&#8221;. En 1962 Mandela fue arrestado y condenado por sabotaje, adem\u00e1s de otros cargos, a cadena perpetua. Estuvo recluido en 1964 en la prisi\u00f3n de Robben Island durante 17 a\u00f1os, en precarias condiciones. Posteriormente pasar\u00eda otros 10 a\u00f1os en otras dos c\u00e1rceles, sumando una pena total de 27 a\u00f1os. Como recluso, \u00e9l y otros realizaban trabajos forzados en una cantera de cal, lo que a\u00f1os despu\u00e9s repercutir\u00eda en una fuerte tuberculosis y severos da\u00f1os irreparables en sus pulmones. Durante su reclusi\u00f3n, la reputaci\u00f3n de Mandela creci\u00f3, llegando a ser conocido como el l\u00edder negro m\u00e1s importante en Sud\u00e1frica. Se convirti\u00f3 en un s\u00edmbolo de la lucha contra el apartheid dentro y fuera del pa\u00eds; una figura legendaria que representaba la falta de libertad de todos los hombres negros sudafricanos. En febrero de 1985 el Presidente Botha ofreci\u00f3 la liberaci\u00f3n condicional de Mandela a cambio de que renunciara a la lucha armada. Mandela rechaz\u00f3 la oferta, comunicando, a trav\u00e9s de su hija Zindzi: &#8220;\u00bfQu\u00e9 libertad se me ofrece, mientras sigue prohibida la organizaci\u00f3n de la gente? S\u00f3lo los hombres libres pueden negociar. Un preso no puede entrar en los contratos.&#8221; Durante su reclusi\u00f3n, su lucha tuvo eco en Sud\u00e1frica y en el mundo y su segunda esposa, Winnie Madikizela (1958-1994), lider\u00f3 sus planteamientos y fue su vocera. Tambi\u00e9n estuvo casado con Evelyn Mase (1944\u00931956) y Gra\u00c3\u00a7a Machel (actual c\u00f3nyuge, desde 1998). Tiene cinco hijos. En 1988 Mandela fue trasladado a la prisi\u00f3n V\u00edctor Verster, permaneciendo all\u00ed hasta su liberaci\u00f3n. En 1989 el Presidente Botha sufre un derrame cerebral y es sustituido por Frederik Willem de Klerk, quien el 11 febrero de 1990 anuncia la liberaci\u00f3n de Mandela. Una vez libre, Mandela lidera a su partido en las negociaciones para conseguir una democracia multirracial en Sud\u00e1frica. Se convirti\u00f3 en el presidente negro de Sud\u00e1frica elegido democr\u00e1ticamente en 1994 hasta 1999, mediante sufragio universal. Su lucha dio un giro de combatir el apartheid hacia la reconciliaci\u00f3n nacional. Recibi\u00f3 m\u00e1s de 250 premios y reconocimientos internacionales durante cuatro d\u00e9cadas, incluido en 1993 el Premio Nobel de la Paz, en conjunto con De Klerk, a quien, en se\u00f1al de su pacifismo, mantuvo como su vicepresidente. Su \u00faltima aparici\u00f3n p\u00fablica fue en la clausura del mundial de f\u00fatbol de Sud\u00e1frica 2010. Desde esa fecha tuvo varias quebrantos en su salud.<\/p>\n","protected":false},"author":1,"featured_media":222232,"comment_status":"open","ping_status":"open","sticky":false,"template":"","format":"standard","meta":[],"categories":[36,37],"tags":[],"_links":{"self":[{"href":"https:\/\/www.ecuadortimes.net\/es\/wp-json\/wp\/v2\/posts\/222231"}],"collection":[{"href":"https:\/\/www.ecuadortimes.net\/es\/wp-json\/wp\/v2\/posts"}],"about":[{"href":"https:\/\/www.ecuadortimes.net\/es\/wp-json\/wp\/v2\/types\/post"}],"author":[{"embeddable":true,"href":"https:\/\/www.ecuadortimes.net\/es\/wp-json\/wp\/v2\/users\/1"}],"replies":[{"embeddable":true,"href":"https:\/\/www.ecuadortimes.net\/es\/wp-json\/wp\/v2\/comments?post=222231"}],"version-history":[{"count":0,"href":"https:\/\/www.ecuadortimes.net\/es\/wp-json\/wp\/v2\/posts\/222231\/revisions"}],"wp:featuredmedia":[{"embeddable":true,"href":"https:\/\/www.ecuadortimes.net\/es\/wp-json\/wp\/v2\/media\/222232"}],"wp:attachment":[{"href":"https:\/\/www.ecuadortimes.net\/es\/wp-json\/wp\/v2\/media?parent=222231"}],"wp:term":[{"taxonomy":"category","embeddable":true,"href":"https:\/\/www.ecuadortimes.net\/es\/wp-json\/wp\/v2\/categories?post=222231"},{"taxonomy":"post_tag","embeddable":true,"href":"https:\/\/www.ecuadortimes.net\/es\/wp-json\/wp\/v2\/tags?post=222231"}],"curies":[{"name":"wp","href":"https:\/\/api.w.org\/{rel}","templated":true}]}}