{"id":222235,"date":"2013-12-06T00:00:00","date_gmt":"2013-12-06T00:00:00","guid":{"rendered":"https:\/\/www.ecuadortimes.net\/es\/equipos-digitales-pagaran-tributo\/"},"modified":"2013-12-06T00:00:00","modified_gmt":"2013-12-06T00:00:00","slug":"equipos-digitales-pagaran-tributo","status":"publish","type":"post","link":"https:\/\/www.ecuadortimes.net\/es\/equipos-digitales-pagaran-tributo\/","title":{"rendered":"Equipos digitales pagar\u00e1n tributo"},"content":{"rendered":"<p><a href=\"http:\/\/www.ecuadortimes.net\/es\/wp-content\/uploads\/2013\/12\/aparatos-electronicos.jpg\"><img loading=\"lazy\" class=\"alignleft size-full wp-image-137954\" alt=\"aparatos-electronicos\" src=\"https:\/\/www.ecuadortimes.net\/es\/wp-content\/uploads\/2013\/12\/aparatos-electronicos.jpg\" width=\"400\" height=\"250\" \/><\/a>El Instituto Ecuatoriano de Propiedad Intelectual (IEPI) se\u00f1al\u00f3 que al momento se encuentra trabajando en el reglamento para que se aplique la remuneraci\u00f3n compensatoria por copia privada.<\/p>\n<p>En d\u00edas anteriores la Asociaci\u00f3n de Empresas de Telecomunicaciones (Asetel), dijo que el IEPI aprob\u00f3 una resoluci\u00f3n que pretende imponer el cobro de esa compensaci\u00f3n como un requisito para la importaci\u00f3n de dispositivos como tel\u00e9fonos celulares, computadoras, laptops, tabletas, entre otros.<\/p>\n<p>El IEPI se\u00f1ala que estos aparatos son considerados soportes susceptibles de incorporar una fijaci\u00f3n sonora o audiovisual o de equipos reproductores de fonogramas o videogramas y estar\u00e1n sujetos a la remuneraci\u00f3n compensatoria&#8230;\u009d, seg\u00fan indican los art\u00edculos del 105 al 108 de la Ley de Propiedad Intelectual.<\/p>\n<p>La entidad, manifest\u00f3 a trav\u00e9s de un comunicado que la remuneraci\u00f3n no es un arancel.<\/p>\n<p>Santiago Cevallos, director nacional de Derechos de Autor y Derechos Conexos, dijo que se encuentra vigente desde 1998, y mencion\u00f3 que lo que ha ocurrido es que el Consejo Directivo del IEPI (conformado por los ministros del Ambiente, Cultura, Senescyt, entre otros) estableci\u00f3 los porcentajes: 4% para equipos y 10% para soportes.<\/p>\n<p>Por su parte, Andr\u00e9s Ycaza, director ejecutivo del IEPI, indic\u00f3 ayer que se trata de una remuneraci\u00f3n dirigida directamente a los artistas, a los creadores. (El cobro) va a ir a un fondo social para que los artistas puedan tener seguridad social\u009d.<\/p>\n<p>Adem\u00e1s, detall\u00f3 que la compensaci\u00f3n ser\u00e1 aplicada al valor CIF de la importaci\u00f3n (costo, seguro y flete) del producto y que se gravar\u00e1n alrededor de 20 partidas arancelarias nuevas.<\/p>\n","protected":false},"excerpt":{"rendered":"<p>El Instituto Ecuatoriano de Propiedad Intelectual (IEPI) se\u00f1al\u00f3 que al momento se encuentra trabajando en el reglamento para que se aplique la remuneraci\u00f3n compensatoria por copia privada. En d\u00edas anteriores la Asociaci\u00f3n de Empresas de Telecomunicaciones (Asetel), dijo que el IEPI aprob\u00f3 una resoluci\u00f3n que pretende imponer el cobro de esa compensaci\u00f3n como un requisito para la importaci\u00f3n de dispositivos como tel\u00e9fonos celulares, computadoras, laptops, tabletas, entre otros. El IEPI se\u00f1ala que estos aparatos son considerados soportes susceptibles de incorporar una fijaci\u00f3n sonora o audiovisual o de equipos reproductores de fonogramas o videogramas y estar\u00e1n sujetos a la remuneraci\u00f3n compensatoria&#8230;\u009d, seg\u00fan indican los art\u00edculos del 105 al 108 de la Ley de Propiedad Intelectual. La entidad, manifest\u00f3 a trav\u00e9s de un comunicado que la remuneraci\u00f3n no es un arancel. Santiago Cevallos, director nacional de Derechos de Autor y Derechos Conexos, dijo que se encuentra vigente desde 1998, y mencion\u00f3 que lo que ha ocurrido es que el Consejo Directivo del IEPI (conformado por los ministros del Ambiente, Cultura, Senescyt, entre otros) estableci\u00f3 los porcentajes: 4% para equipos y 10% para soportes. Por su parte, Andr\u00e9s Ycaza, director ejecutivo del IEPI, indic\u00f3 ayer que se trata de una remuneraci\u00f3n dirigida directamente a los artistas, a los creadores. (El cobro) va a ir a un fondo social para que los artistas puedan tener seguridad social\u009d. Adem\u00e1s, detall\u00f3 que la compensaci\u00f3n ser\u00e1 aplicada al valor CIF de la importaci\u00f3n (costo, seguro y flete) del producto y que se gravar\u00e1n alrededor de 20 partidas arancelarias nuevas.<\/p>\n","protected":false},"author":1,"featured_media":222236,"comment_status":"open","ping_status":"open","sticky":false,"template":"","format":"standard","meta":[],"categories":[31,41,37],"tags":[],"_links":{"self":[{"href":"https:\/\/www.ecuadortimes.net\/es\/wp-json\/wp\/v2\/posts\/222235"}],"collection":[{"href":"https:\/\/www.ecuadortimes.net\/es\/wp-json\/wp\/v2\/posts"}],"about":[{"href":"https:\/\/www.ecuadortimes.net\/es\/wp-json\/wp\/v2\/types\/post"}],"author":[{"embeddable":true,"href":"https:\/\/www.ecuadortimes.net\/es\/wp-json\/wp\/v2\/users\/1"}],"replies":[{"embeddable":true,"href":"https:\/\/www.ecuadortimes.net\/es\/wp-json\/wp\/v2\/comments?post=222235"}],"version-history":[{"count":0,"href":"https:\/\/www.ecuadortimes.net\/es\/wp-json\/wp\/v2\/posts\/222235\/revisions"}],"wp:featuredmedia":[{"embeddable":true,"href":"https:\/\/www.ecuadortimes.net\/es\/wp-json\/wp\/v2\/media\/222236"}],"wp:attachment":[{"href":"https:\/\/www.ecuadortimes.net\/es\/wp-json\/wp\/v2\/media?parent=222235"}],"wp:term":[{"taxonomy":"category","embeddable":true,"href":"https:\/\/www.ecuadortimes.net\/es\/wp-json\/wp\/v2\/categories?post=222235"},{"taxonomy":"post_tag","embeddable":true,"href":"https:\/\/www.ecuadortimes.net\/es\/wp-json\/wp\/v2\/tags?post=222235"}],"curies":[{"name":"wp","href":"https:\/\/api.w.org\/{rel}","templated":true}]}}