{"id":222243,"date":"2013-12-06T00:00:00","date_gmt":"2013-12-06T00:00:00","guid":{"rendered":"https:\/\/www.ecuadortimes.net\/es\/ong-iniciara-acciones-legales-contra-el-gobierno\/"},"modified":"2013-12-06T00:00:00","modified_gmt":"2013-12-06T00:00:00","slug":"ong-iniciara-acciones-legales-contra-el-gobierno","status":"publish","type":"post","link":"https:\/\/www.ecuadortimes.net\/es\/ong-iniciara-acciones-legales-contra-el-gobierno\/","title":{"rendered":"ONG iniciar\u00e1 acciones legales contra el Gobierno"},"content":{"rendered":"<div id=\"attachment_137967\" style=\"width: 310px\" class=\"wp-caption alignleft\"><a href=\"http:\/\/www.ecuadortimes.net\/es\/wp-content\/uploads\/2013\/12\/PACHAMAMA.jpg\"><img aria-describedby=\"caption-attachment-137967\" loading=\"lazy\" class=\"size-medium wp-image-137967\" alt=\"Miembros de la ONG reclaman por la decisi\u00f3n del Gobierno\" src=\"https:\/\/www.ecuadortimes.net\/es\/wp-content\/uploads\/2013\/12\/PACHAMAMA-300x187.jpg\" width=\"300\" height=\"187\" \/><\/a><p id=\"caption-attachment-137967\" class=\"wp-caption-text\">Miembros de la ONG reclaman por la decisi\u00f3n del Gobierno<\/p><\/div>\n<p><strong>Los directivos de la ONG ambientalista Pachamama anunciaron ayer que iniciar\u00e1n procesos legales nacionales e internacionales con el fin de que el Gobierno ecuatoriano les devuelva el permiso de funcionamiento.<\/strong><\/p>\n<p><strong><\/strong>La fundaci\u00f3n fue sancionada con esta medida tras una acusaci\u00f3n del presidente Rafael Correa que los involucraba en actos de agresi\u00f3n contra el embajador chileno y un empresario bielorruso, cuando estos participaron en la XI ronda petrolera Suroriente.<\/p>\n<p>El abogado de la ONG, Mario Melo, indic\u00f3 que a nivel internacional presentar\u00e1n una queja ante la Comisi\u00f3n Interamericana de los Derechos Humanos (CIDH), de modo que la resoluci\u00f3n quede sin efecto. Agreg\u00f3 adem\u00e1s que los integrantes de la fundaci\u00f3n no formaron parte de actos de violencia y que el verdadero motivo detr\u00e1s de la sanci\u00f3n es la oposici\u00f3n de Pachamama con la XI Ronda Petrolera.<\/p>\n","protected":false},"excerpt":{"rendered":"<p>Los directivos de la ONG ambientalista Pachamama anunciaron ayer que iniciar\u00e1n procesos legales nacionales e internacionales con el fin de que el Gobierno ecuatoriano les devuelva el permiso de funcionamiento. La fundaci\u00f3n fue sancionada con esta medida tras una acusaci\u00f3n del presidente Rafael Correa que los involucraba en actos de agresi\u00f3n contra el embajador chileno y un empresario bielorruso, cuando estos participaron en la XI ronda petrolera Suroriente. El abogado de la ONG, Mario Melo, indic\u00f3 que a nivel internacional presentar\u00e1n una queja ante la Comisi\u00f3n Interamericana de los Derechos Humanos (CIDH), de modo que la resoluci\u00f3n quede sin efecto. Agreg\u00f3 adem\u00e1s que los integrantes de la fundaci\u00f3n no formaron parte de actos de violencia y que el verdadero motivo detr\u00e1s de la sanci\u00f3n es la oposici\u00f3n de Pachamama con la XI Ronda Petrolera.<\/p>\n","protected":false},"author":1,"featured_media":222244,"comment_status":"open","ping_status":"open","sticky":false,"template":"","format":"standard","meta":[],"categories":[40,37],"tags":[],"_links":{"self":[{"href":"https:\/\/www.ecuadortimes.net\/es\/wp-json\/wp\/v2\/posts\/222243"}],"collection":[{"href":"https:\/\/www.ecuadortimes.net\/es\/wp-json\/wp\/v2\/posts"}],"about":[{"href":"https:\/\/www.ecuadortimes.net\/es\/wp-json\/wp\/v2\/types\/post"}],"author":[{"embeddable":true,"href":"https:\/\/www.ecuadortimes.net\/es\/wp-json\/wp\/v2\/users\/1"}],"replies":[{"embeddable":true,"href":"https:\/\/www.ecuadortimes.net\/es\/wp-json\/wp\/v2\/comments?post=222243"}],"version-history":[{"count":0,"href":"https:\/\/www.ecuadortimes.net\/es\/wp-json\/wp\/v2\/posts\/222243\/revisions"}],"wp:featuredmedia":[{"embeddable":true,"href":"https:\/\/www.ecuadortimes.net\/es\/wp-json\/wp\/v2\/media\/222244"}],"wp:attachment":[{"href":"https:\/\/www.ecuadortimes.net\/es\/wp-json\/wp\/v2\/media?parent=222243"}],"wp:term":[{"taxonomy":"category","embeddable":true,"href":"https:\/\/www.ecuadortimes.net\/es\/wp-json\/wp\/v2\/categories?post=222243"},{"taxonomy":"post_tag","embeddable":true,"href":"https:\/\/www.ecuadortimes.net\/es\/wp-json\/wp\/v2\/tags?post=222243"}],"curies":[{"name":"wp","href":"https:\/\/api.w.org\/{rel}","templated":true}]}}