{"id":222253,"date":"2013-12-07T00:00:00","date_gmt":"2013-12-07T00:00:00","guid":{"rendered":"https:\/\/www.ecuadortimes.net\/es\/funeral-de-mandela-sera-el-15-de-diciembre\/"},"modified":"2013-12-07T00:00:00","modified_gmt":"2013-12-07T00:00:00","slug":"funeral-de-mandela-sera-el-15-de-diciembre","status":"publish","type":"post","link":"https:\/\/www.ecuadortimes.net\/es\/funeral-de-mandela-sera-el-15-de-diciembre\/","title":{"rendered":"Funeral de Mandela ser\u00e1 el 15 de diciembre"},"content":{"rendered":"<div id=\"attachment_137990\" style=\"width: 276px\" class=\"wp-caption alignleft\"><a href=\"http:\/\/www.ecuadortimes.net\/es\/wp-content\/uploads\/2013\/12\/Nelson-Mandela1.jpg\"><img aria-describedby=\"caption-attachment-137990\" loading=\"lazy\" class=\"size-full wp-image-137990\" alt=\"Nelson Mandela\" src=\"https:\/\/www.ecuadortimes.net\/es\/wp-content\/uploads\/2013\/12\/Nelson-Mandela1.jpg\" width=\"266\" height=\"190\" \/><\/a><p id=\"caption-attachment-137990\" class=\"wp-caption-text\">Nelson Mandela<\/p><\/div>\n<p>La ceremonia de los funerales de Estado por el expresidente sudafricano Nelson Mandela ser\u00e1 el domingo 15 de diciembre en Qunu (sureste), lugar donde pas\u00f3 su infancia.<\/p>\n<p>El presidente sudafricano, Jacob Zuma, inform\u00f3 en una rueda de prensa que previo a los funerales, el 10 de diciembre, tendr\u00e1 lugar en el FNB Stadium (antes conocido como Soccer City donde hizo su \u00faltima aparici\u00f3n durante la clausura del Mundial de F\u00fatbol el 11 de julio de 2010) de Soweto (Johannesburgo) la misa oficial por el expresidente, cuyos restos descansar\u00e1n entre el 11 y el 13 de diciembre en los Union Buildings de Pretoria, sede del Gobierno sudafricano.<\/p>\n<p>Adem\u00e1s, el presidente Zuma ha declarado el domingo, 8 de junio, &#8220;d\u00eda nacional de oraci\u00f3n y reflexi\u00f3n&#8221;, y ha llamado a los sudafricanos de todas las confesiones a acudir a sus templos y rezar y reflexionar sobre la vida de Mandela.<\/p>\n<p>Mandela muri\u00f3 el pasado jueves a los 95 a\u00f1os en su domicilio de Johannesburgo, tras recibir cuidados intensivos en los \u00faltimos meses por la reca\u00edda de una infecci\u00f3n pulmonar.<\/p>\n","protected":false},"excerpt":{"rendered":"<p>La ceremonia de los funerales de Estado por el expresidente sudafricano Nelson Mandela ser\u00e1 el domingo 15 de diciembre en Qunu (sureste), lugar donde pas\u00f3 su infancia. El presidente sudafricano, Jacob Zuma, inform\u00f3 en una rueda de prensa que previo a los funerales, el 10 de diciembre, tendr\u00e1 lugar en el FNB Stadium (antes conocido como Soccer City donde hizo su \u00faltima aparici\u00f3n durante la clausura del Mundial de F\u00fatbol el 11 de julio de 2010) de Soweto (Johannesburgo) la misa oficial por el expresidente, cuyos restos descansar\u00e1n entre el 11 y el 13 de diciembre en los Union Buildings de Pretoria, sede del Gobierno sudafricano. Adem\u00e1s, el presidente Zuma ha declarado el domingo, 8 de junio, &#8220;d\u00eda nacional de oraci\u00f3n y reflexi\u00f3n&#8221;, y ha llamado a los sudafricanos de todas las confesiones a acudir a sus templos y rezar y reflexionar sobre la vida de Mandela. Mandela muri\u00f3 el pasado jueves a los 95 a\u00f1os en su domicilio de Johannesburgo, tras recibir cuidados intensivos en los \u00faltimos meses por la reca\u00edda de una infecci\u00f3n pulmonar.<\/p>\n","protected":false},"author":1,"featured_media":222254,"comment_status":"open","ping_status":"open","sticky":false,"template":"","format":"standard","meta":[],"categories":[36,35,37],"tags":[],"_links":{"self":[{"href":"https:\/\/www.ecuadortimes.net\/es\/wp-json\/wp\/v2\/posts\/222253"}],"collection":[{"href":"https:\/\/www.ecuadortimes.net\/es\/wp-json\/wp\/v2\/posts"}],"about":[{"href":"https:\/\/www.ecuadortimes.net\/es\/wp-json\/wp\/v2\/types\/post"}],"author":[{"embeddable":true,"href":"https:\/\/www.ecuadortimes.net\/es\/wp-json\/wp\/v2\/users\/1"}],"replies":[{"embeddable":true,"href":"https:\/\/www.ecuadortimes.net\/es\/wp-json\/wp\/v2\/comments?post=222253"}],"version-history":[{"count":0,"href":"https:\/\/www.ecuadortimes.net\/es\/wp-json\/wp\/v2\/posts\/222253\/revisions"}],"wp:featuredmedia":[{"embeddable":true,"href":"https:\/\/www.ecuadortimes.net\/es\/wp-json\/wp\/v2\/media\/222254"}],"wp:attachment":[{"href":"https:\/\/www.ecuadortimes.net\/es\/wp-json\/wp\/v2\/media?parent=222253"}],"wp:term":[{"taxonomy":"category","embeddable":true,"href":"https:\/\/www.ecuadortimes.net\/es\/wp-json\/wp\/v2\/categories?post=222253"},{"taxonomy":"post_tag","embeddable":true,"href":"https:\/\/www.ecuadortimes.net\/es\/wp-json\/wp\/v2\/tags?post=222253"}],"curies":[{"name":"wp","href":"https:\/\/api.w.org\/{rel}","templated":true}]}}