{"id":222281,"date":"2013-12-09T00:00:00","date_gmt":"2013-12-09T00:00:00","guid":{"rendered":"https:\/\/www.ecuadortimes.net\/es\/xviii-festival-mundial-de-la-juventud-en-quito-discute-el-socialismo\/"},"modified":"2013-12-09T00:00:00","modified_gmt":"2013-12-09T00:00:00","slug":"xviii-festival-mundial-de-la-juventud-en-quito-discute-el-socialismo","status":"publish","type":"post","link":"https:\/\/www.ecuadortimes.net\/es\/xviii-festival-mundial-de-la-juventud-en-quito-discute-el-socialismo\/","title":{"rendered":"XVIII Festival Mundial de la Juventud en Quito discute el socialismo"},"content":{"rendered":"<div id=\"attachment_138039\" style=\"width: 310px\" class=\"wp-caption alignright\"><img aria-describedby=\"caption-attachment-138039\" loading=\"lazy\" class=\"size-medium wp-image-138039\" alt=\"Rafael Correa\" src=\"https:\/\/www.ecuadortimes.net\/es\/wp-content\/uploads\/2013\/12\/Rafael-Correa3-300x191.jpg\" width=\"300\" height=\"191\" \/><p id=\"caption-attachment-138039\" class=\"wp-caption-text\">Rafael Correa<\/p><\/div>\n<p>El l\u00edder del r\u00e9gimen ecuatoriano, Rafael Correa, inaugur\u00f3 el XVIII Festival Mundial de la Juventud, organizado en Quito, el s\u00e1bado, pasado con la presencia de ocho mil j\u00f3venes de 83 pa\u00edses del mundo.<\/p>\n<p>El escenario de la discusi\u00f3n fue el Parque Bicentenario, donde el mandatario arrib\u00f3 alrededor de las 18:00, esto fue despu\u00e9s de los discursos de la presidenta de la Asamblea, Gabriela Rivadeneira, y del alcalde de Quito, Augusto Barrera, quien hizo un llamada a los j\u00f3venes para que se preparen para la toma de poder y luchar por el verdadero socialismo.<\/p>\n<p>Correa aprovech\u00f3 la atenci\u00f3n para criticar a la petrolera norteamericana Chevron, con la que Euador mantiene un conflicto por da\u00f1os ambientales causados por esa compa\u00f1\u00eda en el oriente ecuatoriano.<\/p>\n","protected":false},"excerpt":{"rendered":"<p>El l\u00edder del r\u00e9gimen ecuatoriano, Rafael Correa, inaugur\u00f3 el XVIII Festival Mundial de la Juventud, organizado en Quito, el s\u00e1bado, pasado con la presencia de ocho mil j\u00f3venes de 83 pa\u00edses del mundo. El escenario de la discusi\u00f3n fue el Parque Bicentenario, donde el mandatario arrib\u00f3 alrededor de las 18:00, esto fue despu\u00e9s de los discursos de la presidenta de la Asamblea, Gabriela Rivadeneira, y del alcalde de Quito, Augusto Barrera, quien hizo un llamada a los j\u00f3venes para que se preparen para la toma de poder y luchar por el verdadero socialismo. Correa aprovech\u00f3 la atenci\u00f3n para criticar a la petrolera norteamericana Chevron, con la que Euador mantiene un conflicto por da\u00f1os ambientales causados por esa compa\u00f1\u00eda en el oriente ecuatoriano.<\/p>\n","protected":false},"author":1,"featured_media":222282,"comment_status":"open","ping_status":"open","sticky":false,"template":"","format":"standard","meta":[],"categories":[30],"tags":[],"_links":{"self":[{"href":"https:\/\/www.ecuadortimes.net\/es\/wp-json\/wp\/v2\/posts\/222281"}],"collection":[{"href":"https:\/\/www.ecuadortimes.net\/es\/wp-json\/wp\/v2\/posts"}],"about":[{"href":"https:\/\/www.ecuadortimes.net\/es\/wp-json\/wp\/v2\/types\/post"}],"author":[{"embeddable":true,"href":"https:\/\/www.ecuadortimes.net\/es\/wp-json\/wp\/v2\/users\/1"}],"replies":[{"embeddable":true,"href":"https:\/\/www.ecuadortimes.net\/es\/wp-json\/wp\/v2\/comments?post=222281"}],"version-history":[{"count":0,"href":"https:\/\/www.ecuadortimes.net\/es\/wp-json\/wp\/v2\/posts\/222281\/revisions"}],"wp:featuredmedia":[{"embeddable":true,"href":"https:\/\/www.ecuadortimes.net\/es\/wp-json\/wp\/v2\/media\/222282"}],"wp:attachment":[{"href":"https:\/\/www.ecuadortimes.net\/es\/wp-json\/wp\/v2\/media?parent=222281"}],"wp:term":[{"taxonomy":"category","embeddable":true,"href":"https:\/\/www.ecuadortimes.net\/es\/wp-json\/wp\/v2\/categories?post=222281"},{"taxonomy":"post_tag","embeddable":true,"href":"https:\/\/www.ecuadortimes.net\/es\/wp-json\/wp\/v2\/tags?post=222281"}],"curies":[{"name":"wp","href":"https:\/\/api.w.org\/{rel}","templated":true}]}}