{"id":222400,"date":"2013-12-17T00:00:00","date_gmt":"2013-12-17T00:00:00","guid":{"rendered":"https:\/\/www.ecuadortimes.net\/es\/gobernacion-planea-feria-de-pirotecnia\/"},"modified":"2013-12-17T00:00:00","modified_gmt":"2013-12-17T00:00:00","slug":"gobernacion-planea-feria-de-pirotecnia","status":"publish","type":"post","link":"https:\/\/www.ecuadortimes.net\/es\/gobernacion-planea-feria-de-pirotecnia\/","title":{"rendered":"Gobernaci\u00f3n planea feria de pirotecnia"},"content":{"rendered":"<p style=\"text-align: justify;\"><img loading=\"lazy\" class=\" wp-image-138278 alignleft\" alt=\"Screen Shot 2013-12-17 at 11.08.21\" src=\"https:\/\/www.ecuadortimes.net\/es\/wp-content\/uploads\/2013\/12\/Screen-Shot-2013-12-17-at-11.08.21.png\" width=\"389\" height=\"259\" \/>El actual gobernador del Guayas, Rolando Panchana, anunci\u00f3 mediante una rueda de prensa, que del 20 al 31 de diciembre se realizar\u00e1 una feria de fuegos artificiales en la explanada del estadio Alberto Spencer.<\/p>\n<p style=\"text-align: justify;\">La iniciativa surge del convenio entre autoridades e importadores legales, para combatir el contrabando indiscriminado de pirotecnia. Estar\u00e1n 200 comerciantes acreditados y los productos, seg\u00fan inform\u00f3 Panchana, tendr\u00e1n un empaque distintivo.<\/p>\n<p style=\"text-align: justify;\">Mientras tanto, el Cuerpo de Bomberos, como todos los a\u00f1os, emprendi\u00f3 su campa\u00f1a Dile no a la pirotecnia\u009d, la cual busca la prevenci\u00f3n del uso de la p\u00f3lvora para evitar accidentes.<\/p>\n","protected":false},"excerpt":{"rendered":"<p>El actual gobernador del Guayas, Rolando Panchana, anunci\u00f3 mediante una rueda de prensa, que del 20 al 31 de diciembre se realizar\u00e1 una feria de fuegos artificiales en la explanada del estadio Alberto Spencer. La iniciativa surge del convenio entre autoridades e importadores legales, para combatir el contrabando indiscriminado de pirotecnia. Estar\u00e1n 200 comerciantes acreditados y los productos, seg\u00fan inform\u00f3 Panchana, tendr\u00e1n un empaque distintivo. Mientras tanto, el Cuerpo de Bomberos, como todos los a\u00f1os, emprendi\u00f3 su campa\u00f1a Dile no a la pirotecnia\u009d, la cual busca la prevenci\u00f3n del uso de la p\u00f3lvora para evitar accidentes.<\/p>\n","protected":false},"author":1,"featured_media":0,"comment_status":"open","ping_status":"open","sticky":false,"template":"","format":"standard","meta":[],"categories":[30],"tags":[],"_links":{"self":[{"href":"https:\/\/www.ecuadortimes.net\/es\/wp-json\/wp\/v2\/posts\/222400"}],"collection":[{"href":"https:\/\/www.ecuadortimes.net\/es\/wp-json\/wp\/v2\/posts"}],"about":[{"href":"https:\/\/www.ecuadortimes.net\/es\/wp-json\/wp\/v2\/types\/post"}],"author":[{"embeddable":true,"href":"https:\/\/www.ecuadortimes.net\/es\/wp-json\/wp\/v2\/users\/1"}],"replies":[{"embeddable":true,"href":"https:\/\/www.ecuadortimes.net\/es\/wp-json\/wp\/v2\/comments?post=222400"}],"version-history":[{"count":0,"href":"https:\/\/www.ecuadortimes.net\/es\/wp-json\/wp\/v2\/posts\/222400\/revisions"}],"wp:attachment":[{"href":"https:\/\/www.ecuadortimes.net\/es\/wp-json\/wp\/v2\/media?parent=222400"}],"wp:term":[{"taxonomy":"category","embeddable":true,"href":"https:\/\/www.ecuadortimes.net\/es\/wp-json\/wp\/v2\/categories?post=222400"},{"taxonomy":"post_tag","embeddable":true,"href":"https:\/\/www.ecuadortimes.net\/es\/wp-json\/wp\/v2\/tags?post=222400"}],"curies":[{"name":"wp","href":"https:\/\/api.w.org\/{rel}","templated":true}]}}