{"id":223712,"date":"2014-03-18T00:00:00","date_gmt":"2014-03-18T00:00:00","guid":{"rendered":"https:\/\/www.ecuadortimes.net\/es\/clever-jimenez-a-la-espera-de-que-la-cidh-se-pronuncie\/"},"modified":"2014-03-18T00:00:00","modified_gmt":"2014-03-18T00:00:00","slug":"clever-jimenez-a-la-espera-de-que-la-cidh-se-pronuncie","status":"publish","type":"post","link":"https:\/\/www.ecuadortimes.net\/es\/clever-jimenez-a-la-espera-de-que-la-cidh-se-pronuncie\/","title":{"rendered":"Cl\u00e9ver Jim\u00e9nez a la espera de que la CIDH se pronuncie"},"content":{"rendered":"<p>Luego de que su fallo condenatorio qued\u00f3 en firme el pasado domingo, la defensa legal del asamble\u00edsta por Pachakutik (PK), Cl\u00e9ver Jim\u00e9nez y de los activistas Fernando Villavicencio y Carlos Figueroa, analiza el pr\u00f3ximo recurso a usar, hasta que la Comisi\u00f3n Interamericana de los Derechos Humanos (CIDH) se pronuncie sobre el pedido de medidas cautelares a su favor, que de ser concedido suspender\u00eda la orden de prisi\u00f3n.<\/p>\n<p>Cabe recalcar que la Polic\u00eda Nacional no podr\u00e1 detener a los procesados hasta que la jueza de primera instancia, Lucy Blacio, expida la boleta de encarcelamiento en su contra, para lo cual necesita que los jueces que negaron los recursos de aclaraci\u00f3n y ampliaci\u00f3n de Jim\u00e9nez y los activistas, se pronuncien sobre el recurso de nulidad que plante\u00f3 la defensa de los tres procesados.<\/p>\n<p>La defensa de los sentenciados asegura que sus clientes no saldr\u00e1n del pa\u00eds y enfrentar\u00e1n la c\u00e1rcel de ser necesario. Adem\u00e1s recalc\u00f3 que sus clientes si cuentan con los $ 140 mil de indemnizaci\u00f3n que deber\u00e1n pagar al presidente Rafael Correa en caso de tener que hacerlo.<\/p>\n<div id=\"attachment_142810\" style=\"width: 630px\" class=\"wp-caption aligncenter\"><a href=\"http:\/\/www.ecuadortimes.net\/es\/wp-content\/uploads\/2014\/03\/clever-jimenes-espera-respuesta-cidh.jpg\"><img aria-describedby=\"caption-attachment-142810\" loading=\"lazy\" class=\"size-full wp-image-142810\" alt=\"Cl\u00e9ver Jim\u00e9nez\" src=\"https:\/\/www.ecuadortimes.net\/es\/wp-content\/uploads\/2014\/03\/clever-jimenes-espera-respuesta-cidh.jpg\" width=\"620\" height=\"440\" \/><\/a><p id=\"caption-attachment-142810\" class=\"wp-caption-text\">Cl\u00e9ver Jim\u00e9nez<\/p><\/div>\n","protected":false},"excerpt":{"rendered":"<p>Luego de que su fallo condenatorio qued\u00f3 en firme el pasado domingo, la defensa legal del asamble\u00edsta por Pachakutik (PK), Cl\u00e9ver Jim\u00e9nez y de los activistas Fernando Villavicencio y Carlos Figueroa, analiza el pr\u00f3ximo recurso a usar, hasta que la Comisi\u00f3n Interamericana de los Derechos Humanos (CIDH) se pronuncie sobre el pedido de medidas cautelares a su favor, que de ser concedido suspender\u00eda la orden de prisi\u00f3n. Cabe recalcar que la Polic\u00eda Nacional no podr\u00e1 detener a los procesados hasta que la jueza de primera instancia, Lucy Blacio, expida la boleta de encarcelamiento en su contra, para lo cual necesita que los jueces que negaron los recursos de aclaraci\u00f3n y ampliaci\u00f3n de Jim\u00e9nez y los activistas, se pronuncien sobre el recurso de nulidad que plante\u00f3 la defensa de los tres procesados. La defensa de los sentenciados asegura que sus clientes no saldr\u00e1n del pa\u00eds y enfrentar\u00e1n la c\u00e1rcel de ser necesario. Adem\u00e1s recalc\u00f3 que sus clientes si cuentan con los $ 140 mil de indemnizaci\u00f3n que deber\u00e1n pagar al presidente Rafael Correa en caso de tener que hacerlo.<\/p>\n","protected":false},"author":1,"featured_media":223713,"comment_status":"open","ping_status":"open","sticky":false,"template":"","format":"standard","meta":[],"categories":[40,37],"tags":[],"_links":{"self":[{"href":"https:\/\/www.ecuadortimes.net\/es\/wp-json\/wp\/v2\/posts\/223712"}],"collection":[{"href":"https:\/\/www.ecuadortimes.net\/es\/wp-json\/wp\/v2\/posts"}],"about":[{"href":"https:\/\/www.ecuadortimes.net\/es\/wp-json\/wp\/v2\/types\/post"}],"author":[{"embeddable":true,"href":"https:\/\/www.ecuadortimes.net\/es\/wp-json\/wp\/v2\/users\/1"}],"replies":[{"embeddable":true,"href":"https:\/\/www.ecuadortimes.net\/es\/wp-json\/wp\/v2\/comments?post=223712"}],"version-history":[{"count":0,"href":"https:\/\/www.ecuadortimes.net\/es\/wp-json\/wp\/v2\/posts\/223712\/revisions"}],"wp:featuredmedia":[{"embeddable":true,"href":"https:\/\/www.ecuadortimes.net\/es\/wp-json\/wp\/v2\/media\/223713"}],"wp:attachment":[{"href":"https:\/\/www.ecuadortimes.net\/es\/wp-json\/wp\/v2\/media?parent=223712"}],"wp:term":[{"taxonomy":"category","embeddable":true,"href":"https:\/\/www.ecuadortimes.net\/es\/wp-json\/wp\/v2\/categories?post=223712"},{"taxonomy":"post_tag","embeddable":true,"href":"https:\/\/www.ecuadortimes.net\/es\/wp-json\/wp\/v2\/tags?post=223712"}],"curies":[{"name":"wp","href":"https:\/\/api.w.org\/{rel}","templated":true}]}}