{"id":223754,"date":"2014-03-19T00:00:00","date_gmt":"2014-03-19T00:00:00","guid":{"rendered":"https:\/\/www.ecuadortimes.net\/es\/los-medios-tambien-presentaran-rendicion-de-cuentas-anual\/"},"modified":"2014-03-19T00:00:00","modified_gmt":"2014-03-19T00:00:00","slug":"los-medios-tambien-presentaran-rendicion-de-cuentas-anual","status":"publish","type":"post","link":"https:\/\/www.ecuadortimes.net\/es\/los-medios-tambien-presentaran-rendicion-de-cuentas-anual\/","title":{"rendered":"Los medios tambi\u00e9n presentar\u00e1n rendici\u00f3n de cuentas anual"},"content":{"rendered":"<div id=\"attachment_142920\" style=\"width: 310px\" class=\"wp-caption alignleft\"><a href=\"http:\/\/www.ecuadortimes.net\/es\/wp-content\/uploads\/2014\/03\/medios-rendici\u00f3n-cuentas.jpg\"><img aria-describedby=\"caption-attachment-142920\" loading=\"lazy\" class=\" wp-image-142920 \" alt=\"Los medios tambi\u00e9n presentar\u00e1n rendici\u00f3n de cuentas anual\" src=\"https:\/\/www.ecuadortimes.net\/es\/wp-content\/uploads\/2014\/03\/medios-rendici\u00f3n-cuentas-300x207.jpg\" width=\"300\" height=\"207\" \/><\/a><p id=\"caption-attachment-142920\" class=\"wp-caption-text\">Los medios tambi\u00e9n presentar\u00e1n rendici\u00f3n de cuentas anual<\/p><\/div>\n<p style=\"text-align: justify;\">Unas 7.336 instituciones y funcionarios est\u00e1n obligados a presentar su informe de rendici\u00f3n de cuentas de 2013 al Consejo de Participaci\u00f3n Ciudadana y Control Social (Cpccs).<\/p>\n<p style=\"text-align: justify;\">M\u00f3nica Banegas, presidenta del organismo, explic\u00f3 que esa cifra incluye a\u00a0 los medios de comunicaci\u00f3n social a trav\u00e9s de sus representantes legales y el informe lo entregar\u00e1n hasta el 30 de abril.<\/p>\n<p style=\"text-align: justify;\">El Consejo ha elaborado alrededor de 161 formularios y gu\u00edas espec\u00edficas para la rendici\u00f3n de cuentas. Sin embargo, Banegas dijo que se est\u00e1 construyendo un formulario para los medios de comunicaci\u00f3n.<\/p>\n<p style=\"text-align: justify;\">Se realizar\u00e1n reuniones con periodistas para lograr un documento para el pr\u00f3ximo periodo. Este a\u00f1o, los medios deben regirse al mandato legal y reglamentario y presentar su informe en un formato que considere la normativa vigente.<\/p>\n","protected":false},"excerpt":{"rendered":"<p>Unas 7.336 instituciones y funcionarios est\u00e1n obligados a presentar su informe de rendici\u00f3n de cuentas de 2013 al Consejo de Participaci\u00f3n Ciudadana y Control Social (Cpccs). M\u00f3nica Banegas, presidenta del organismo, explic\u00f3 que esa cifra incluye a\u00a0 los medios de comunicaci\u00f3n social a trav\u00e9s de sus representantes legales y el informe lo entregar\u00e1n hasta el 30 de abril. El Consejo ha elaborado alrededor de 161 formularios y gu\u00edas espec\u00edficas para la rendici\u00f3n de cuentas. Sin embargo, Banegas dijo que se est\u00e1 construyendo un formulario para los medios de comunicaci\u00f3n. Se realizar\u00e1n reuniones con periodistas para lograr un documento para el pr\u00f3ximo periodo. Este a\u00f1o, los medios deben regirse al mandato legal y reglamentario y presentar su informe en un formato que considere la normativa vigente.<\/p>\n","protected":false},"author":1,"featured_media":223755,"comment_status":"open","ping_status":"open","sticky":false,"template":"","format":"standard","meta":[],"categories":[40,37],"tags":[],"_links":{"self":[{"href":"https:\/\/www.ecuadortimes.net\/es\/wp-json\/wp\/v2\/posts\/223754"}],"collection":[{"href":"https:\/\/www.ecuadortimes.net\/es\/wp-json\/wp\/v2\/posts"}],"about":[{"href":"https:\/\/www.ecuadortimes.net\/es\/wp-json\/wp\/v2\/types\/post"}],"author":[{"embeddable":true,"href":"https:\/\/www.ecuadortimes.net\/es\/wp-json\/wp\/v2\/users\/1"}],"replies":[{"embeddable":true,"href":"https:\/\/www.ecuadortimes.net\/es\/wp-json\/wp\/v2\/comments?post=223754"}],"version-history":[{"count":0,"href":"https:\/\/www.ecuadortimes.net\/es\/wp-json\/wp\/v2\/posts\/223754\/revisions"}],"wp:featuredmedia":[{"embeddable":true,"href":"https:\/\/www.ecuadortimes.net\/es\/wp-json\/wp\/v2\/media\/223755"}],"wp:attachment":[{"href":"https:\/\/www.ecuadortimes.net\/es\/wp-json\/wp\/v2\/media?parent=223754"}],"wp:term":[{"taxonomy":"category","embeddable":true,"href":"https:\/\/www.ecuadortimes.net\/es\/wp-json\/wp\/v2\/categories?post=223754"},{"taxonomy":"post_tag","embeddable":true,"href":"https:\/\/www.ecuadortimes.net\/es\/wp-json\/wp\/v2\/tags?post=223754"}],"curies":[{"name":"wp","href":"https:\/\/api.w.org\/{rel}","templated":true}]}}