{"id":223756,"date":"2014-03-19T00:00:00","date_gmt":"2014-03-19T00:00:00","guid":{"rendered":"https:\/\/www.ecuadortimes.net\/es\/armada-en-sebastopol-es-tomada-por-milicia-prorrusa\/"},"modified":"2014-03-19T00:00:00","modified_gmt":"2014-03-19T00:00:00","slug":"armada-en-sebastopol-es-tomada-por-milicia-prorrusa","status":"publish","type":"post","link":"https:\/\/www.ecuadortimes.net\/es\/armada-en-sebastopol-es-tomada-por-milicia-prorrusa\/","title":{"rendered":"Armada en Sebastopol es tomada por milicia prorrusa"},"content":{"rendered":"<p><a href=\"http:\/\/www.ecuadortimes.net\/es\/wp-content\/uploads\/2014\/03\/Rusia-Crimea.jpg\"><img loading=\"lazy\" class=\"size-medium wp-image-142922 alignright\" alt=\"Rusia-Crimea\" src=\"https:\/\/www.ecuadortimes.net\/es\/wp-content\/uploads\/2014\/03\/Rusia-Crimea-300x226.jpg\" width=\"300\" height=\"226\" \/><\/a>Una docena de militares ucranianos han sido expulsados de la sede de la Armada en Sebastopol, en la pen\u00ednsula de Crimea, durante la ma\u00f1ana del mi\u00e9rcoles luego de que milicianos se apoderaron del cuartel general donde resid\u00edan.<\/p>\n<p>La toma de esta base ubicada el el puerto de Sebastopol, en el mar Negro, llega un d\u00eda despu\u00e9s de que Rusia firmara un tratado con autoridades locales para anexarse la regi\u00f3n.<\/p>\n<p>Los grupos de &#8220;autodefensas&#8221; como se denominan, estaban acompa\u00f1ados de elementos armados que se suponen son militares rusos.\u00a0El Gobierno de Ucrania ha denunciado la acci\u00f3n y ha dicho que vive una situaci\u00f3n de guerra con Rusia.<\/p>\n<p>Seg\u00fan los medios, las autodefensas crimeas propusieron a los soldados ucranianos que se rindieran y se unieran a ellos o bien abandonen la base.<\/p>\n<p>Los comandantes de la base a\u00fan permanecen en su interior, donde tambi\u00e9n tiene lugar un mitin con unas 200 personas, habitantes crimeanos, que irrumpieron en su interior, plantaron la bandera rusa y cantaron el himno de ese pa\u00eds.<\/p>\n","protected":false},"excerpt":{"rendered":"<p>Una docena de militares ucranianos han sido expulsados de la sede de la Armada en Sebastopol, en la pen\u00ednsula de Crimea, durante la ma\u00f1ana del mi\u00e9rcoles luego de que milicianos se apoderaron del cuartel general donde resid\u00edan. La toma de esta base ubicada el el puerto de Sebastopol, en el mar Negro, llega un d\u00eda despu\u00e9s de que Rusia firmara un tratado con autoridades locales para anexarse la regi\u00f3n. Los grupos de &#8220;autodefensas&#8221; como se denominan, estaban acompa\u00f1ados de elementos armados que se suponen son militares rusos.\u00a0El Gobierno de Ucrania ha denunciado la acci\u00f3n y ha dicho que vive una situaci\u00f3n de guerra con Rusia. Seg\u00fan los medios, las autodefensas crimeas propusieron a los soldados ucranianos que se rindieran y se unieran a ellos o bien abandonen la base. Los comandantes de la base a\u00fan permanecen en su interior, donde tambi\u00e9n tiene lugar un mitin con unas 200 personas, habitantes crimeanos, que irrumpieron en su interior, plantaron la bandera rusa y cantaron el himno de ese pa\u00eds.<\/p>\n","protected":false},"author":1,"featured_media":223757,"comment_status":"open","ping_status":"open","sticky":false,"template":"","format":"standard","meta":[],"categories":[34,37],"tags":[],"_links":{"self":[{"href":"https:\/\/www.ecuadortimes.net\/es\/wp-json\/wp\/v2\/posts\/223756"}],"collection":[{"href":"https:\/\/www.ecuadortimes.net\/es\/wp-json\/wp\/v2\/posts"}],"about":[{"href":"https:\/\/www.ecuadortimes.net\/es\/wp-json\/wp\/v2\/types\/post"}],"author":[{"embeddable":true,"href":"https:\/\/www.ecuadortimes.net\/es\/wp-json\/wp\/v2\/users\/1"}],"replies":[{"embeddable":true,"href":"https:\/\/www.ecuadortimes.net\/es\/wp-json\/wp\/v2\/comments?post=223756"}],"version-history":[{"count":0,"href":"https:\/\/www.ecuadortimes.net\/es\/wp-json\/wp\/v2\/posts\/223756\/revisions"}],"wp:featuredmedia":[{"embeddable":true,"href":"https:\/\/www.ecuadortimes.net\/es\/wp-json\/wp\/v2\/media\/223757"}],"wp:attachment":[{"href":"https:\/\/www.ecuadortimes.net\/es\/wp-json\/wp\/v2\/media?parent=223756"}],"wp:term":[{"taxonomy":"category","embeddable":true,"href":"https:\/\/www.ecuadortimes.net\/es\/wp-json\/wp\/v2\/categories?post=223756"},{"taxonomy":"post_tag","embeddable":true,"href":"https:\/\/www.ecuadortimes.net\/es\/wp-json\/wp\/v2\/tags?post=223756"}],"curies":[{"name":"wp","href":"https:\/\/api.w.org\/{rel}","templated":true}]}}