{"id":223764,"date":"2014-03-19T00:00:00","date_gmt":"2014-03-19T00:00:00","guid":{"rendered":"https:\/\/www.ecuadortimes.net\/es\/feria-busca-reemplazar-25-de-juguetes-importados-por-nacionales\/"},"modified":"2014-03-19T00:00:00","modified_gmt":"2014-03-19T00:00:00","slug":"feria-busca-reemplazar-25-de-juguetes-importados-por-nacionales","status":"publish","type":"post","link":"https:\/\/www.ecuadortimes.net\/es\/feria-busca-reemplazar-25-de-juguetes-importados-por-nacionales\/","title":{"rendered":"Feria busca reemplazar 25% de juguetes importados por nacionales"},"content":{"rendered":"<div id=\"attachment_142950\" style=\"width: 310px\" class=\"wp-caption alignleft\"><a href=\"http:\/\/www.ecuadortimes.net\/es\/wp-content\/uploads\/2014\/03\/feria-juguetes.jpg\"><img aria-describedby=\"caption-attachment-142950\" loading=\"lazy\" class=\"size-medium wp-image-142950 \" alt=\"Feria busca reemplazar 25% de juguetes importados por nacionales\" src=\"https:\/\/www.ecuadortimes.net\/es\/wp-content\/uploads\/2014\/03\/feria-juguetes-300x183.jpg\" width=\"300\" height=\"183\" \/><\/a><p id=\"caption-attachment-142950\" class=\"wp-caption-text\">Feria busca reemplazar 25% de juguetes importados por nacionales<\/p><\/div>\n<p style=\"text-align: justify;\"><span style=\"font-size: 14px; line-height: 1.5em;\">Fabricantes, comercializadoras e importadoras de juguetes lanzaron ayer, junto a la C\u00e1mara de Industrias de Guayaquil, la feria Juega Ecuador que busca que m\u00e1s de 70 artesanos locales y unos 20 microempresarios dedicados a la elaboraci\u00f3n de juguetes expongan su oferta y se conviertan en proveedores de ocho grandes comercializadoras.<\/span><\/p>\n<p style=\"text-align: justify;\">\u00a0La feria, que se llevar\u00e1 a cabo en Guayaquil los pr\u00f3ximos 25 y 26 de marzo, surge como parte del compromiso entre varias empresas y el Ministerio de Industrias y Productividad (Mipro), para reducir la importaci\u00f3n de juguetes en 25%, equivalente a unos USD 16 millones en este a\u00f1o.<\/p>\n<p style=\"text-align: justify;\">Las firmas que buscan sustituir sus importaciones en este rubro son: Corporaci\u00f3n Favorita, Corporaci\u00f3n El Rosado, Alessa, Gerardo Ortiz, Almacenes T\u00eda, Pica, Farcomed y Dipor.<\/p>\n","protected":false},"excerpt":{"rendered":"<p>Fabricantes, comercializadoras e importadoras de juguetes lanzaron ayer, junto a la C\u00e1mara de Industrias de Guayaquil, la feria Juega Ecuador que busca que m\u00e1s de 70 artesanos locales y unos 20 microempresarios dedicados a la elaboraci\u00f3n de juguetes expongan su oferta y se conviertan en proveedores de ocho grandes comercializadoras. \u00a0La feria, que se llevar\u00e1 a cabo en Guayaquil los pr\u00f3ximos 25 y 26 de marzo, surge como parte del compromiso entre varias empresas y el Ministerio de Industrias y Productividad (Mipro), para reducir la importaci\u00f3n de juguetes en 25%, equivalente a unos USD 16 millones en este a\u00f1o. Las firmas que buscan sustituir sus importaciones en este rubro son: Corporaci\u00f3n Favorita, Corporaci\u00f3n El Rosado, Alessa, Gerardo Ortiz, Almacenes T\u00eda, Pica, Farcomed y Dipor.<\/p>\n","protected":false},"author":1,"featured_media":223765,"comment_status":"open","ping_status":"open","sticky":false,"template":"","format":"standard","meta":[],"categories":[43,37],"tags":[],"_links":{"self":[{"href":"https:\/\/www.ecuadortimes.net\/es\/wp-json\/wp\/v2\/posts\/223764"}],"collection":[{"href":"https:\/\/www.ecuadortimes.net\/es\/wp-json\/wp\/v2\/posts"}],"about":[{"href":"https:\/\/www.ecuadortimes.net\/es\/wp-json\/wp\/v2\/types\/post"}],"author":[{"embeddable":true,"href":"https:\/\/www.ecuadortimes.net\/es\/wp-json\/wp\/v2\/users\/1"}],"replies":[{"embeddable":true,"href":"https:\/\/www.ecuadortimes.net\/es\/wp-json\/wp\/v2\/comments?post=223764"}],"version-history":[{"count":0,"href":"https:\/\/www.ecuadortimes.net\/es\/wp-json\/wp\/v2\/posts\/223764\/revisions"}],"wp:featuredmedia":[{"embeddable":true,"href":"https:\/\/www.ecuadortimes.net\/es\/wp-json\/wp\/v2\/media\/223765"}],"wp:attachment":[{"href":"https:\/\/www.ecuadortimes.net\/es\/wp-json\/wp\/v2\/media?parent=223764"}],"wp:term":[{"taxonomy":"category","embeddable":true,"href":"https:\/\/www.ecuadortimes.net\/es\/wp-json\/wp\/v2\/categories?post=223764"},{"taxonomy":"post_tag","embeddable":true,"href":"https:\/\/www.ecuadortimes.net\/es\/wp-json\/wp\/v2\/tags?post=223764"}],"curies":[{"name":"wp","href":"https:\/\/api.w.org\/{rel}","templated":true}]}}