{"id":223801,"date":"2014-03-20T00:00:00","date_gmt":"2014-03-20T00:00:00","guid":{"rendered":"https:\/\/www.ecuadortimes.net\/es\/defensa-de-correa-no-quiere-ni-dinero-ni-disculpas-por-parte-de-jimenez\/"},"modified":"2014-03-20T00:00:00","modified_gmt":"2014-03-20T00:00:00","slug":"defensa-de-correa-no-quiere-ni-dinero-ni-disculpas-por-parte-de-jimenez","status":"publish","type":"post","link":"https:\/\/www.ecuadortimes.net\/es\/defensa-de-correa-no-quiere-ni-dinero-ni-disculpas-por-parte-de-jimenez\/","title":{"rendered":"Defensa de Correa no quiere ni dinero ni disculpas por parte de Jim\u00e9nez"},"content":{"rendered":"<p>Caupolic\u00e1n Ochoa, representante de la defensa del presidente Rafael Correa en el juicio por injurias en contra el asamble\u00edsta Cl\u00e9ver Jim\u00e9nez, convoc\u00f3 el pasado mi\u00e9rcoles a una rueda de prensa para explicar que no insistir\u00e1 en que se cumpla la parte de la sentencia referida al pago de la indemnizaci\u00f3n de $ 140.000 as\u00ed como la de los tres implicados, Cl\u00e9ver Jim\u00e9nez, Fernando Villavicencio y Carlos Figueroa, ofreciendo disculpas p\u00fablicas.<\/p>\n<p>&#8220;La indemnizaci\u00f3n y las otras cosas (disculpas p\u00fablicas) nos tienen sin cuidado. Queremos que se sancione el delito, ya que se acus\u00f3 al Presidente de un asesino de lesa humanidad&#8221;, se\u00f1al\u00f3 Ochoa. Seg\u00fan la sentencia, Jim\u00e9nez y Villavicencio deber\u00e1n cumplir 18 meses en prisi\u00f3n, mientras que Figueroa, seis.<\/p>\n<p>Ochoa tambi\u00e9n advirti\u00f3 que la sentencia ya no puede ser sometida a m\u00e1s recursos y que debe procederse con la detenci\u00f3n respectiva. Sin embargo, la defensa de los acusados insiste en un nuevo recurso de nulidad.<\/p>\n<div id=\"attachment_143057\" style=\"width: 382px\" class=\"wp-caption aligncenter\"><a href=\"http:\/\/www.ecuadortimes.net\/es\/wp-content\/uploads\/2014\/03\/correa-no-quiere-indemnizacion-clever-jimenez.jpg\"><img aria-describedby=\"caption-attachment-143057\" loading=\"lazy\" class=\" wp-image-143057 \" alt=\"Caupolic\u00e1n Ochoa\" src=\"https:\/\/www.ecuadortimes.net\/es\/wp-content\/uploads\/2014\/03\/correa-no-quiere-indemnizacion-clever-jimenez.jpg\" width=\"372\" height=\"264\" \/><\/a><p id=\"caption-attachment-143057\" class=\"wp-caption-text\">Caupolic\u00e1n Ochoa<\/p><\/div>\n","protected":false},"excerpt":{"rendered":"<p>Caupolic\u00e1n Ochoa, representante de la defensa del presidente Rafael Correa en el juicio por injurias en contra el asamble\u00edsta Cl\u00e9ver Jim\u00e9nez, convoc\u00f3 el pasado mi\u00e9rcoles a una rueda de prensa para explicar que no insistir\u00e1 en que se cumpla la parte de la sentencia referida al pago de la indemnizaci\u00f3n de $ 140.000 as\u00ed como la de los tres implicados, Cl\u00e9ver Jim\u00e9nez, Fernando Villavicencio y Carlos Figueroa, ofreciendo disculpas p\u00fablicas. &#8220;La indemnizaci\u00f3n y las otras cosas (disculpas p\u00fablicas) nos tienen sin cuidado. Queremos que se sancione el delito, ya que se acus\u00f3 al Presidente de un asesino de lesa humanidad&#8221;, se\u00f1al\u00f3 Ochoa. Seg\u00fan la sentencia, Jim\u00e9nez y Villavicencio deber\u00e1n cumplir 18 meses en prisi\u00f3n, mientras que Figueroa, seis. Ochoa tambi\u00e9n advirti\u00f3 que la sentencia ya no puede ser sometida a m\u00e1s recursos y que debe procederse con la detenci\u00f3n respectiva. Sin embargo, la defensa de los acusados insiste en un nuevo recurso de nulidad.<\/p>\n","protected":false},"author":1,"featured_media":223802,"comment_status":"open","ping_status":"open","sticky":false,"template":"","format":"standard","meta":[],"categories":[40,37],"tags":[],"_links":{"self":[{"href":"https:\/\/www.ecuadortimes.net\/es\/wp-json\/wp\/v2\/posts\/223801"}],"collection":[{"href":"https:\/\/www.ecuadortimes.net\/es\/wp-json\/wp\/v2\/posts"}],"about":[{"href":"https:\/\/www.ecuadortimes.net\/es\/wp-json\/wp\/v2\/types\/post"}],"author":[{"embeddable":true,"href":"https:\/\/www.ecuadortimes.net\/es\/wp-json\/wp\/v2\/users\/1"}],"replies":[{"embeddable":true,"href":"https:\/\/www.ecuadortimes.net\/es\/wp-json\/wp\/v2\/comments?post=223801"}],"version-history":[{"count":0,"href":"https:\/\/www.ecuadortimes.net\/es\/wp-json\/wp\/v2\/posts\/223801\/revisions"}],"wp:featuredmedia":[{"embeddable":true,"href":"https:\/\/www.ecuadortimes.net\/es\/wp-json\/wp\/v2\/media\/223802"}],"wp:attachment":[{"href":"https:\/\/www.ecuadortimes.net\/es\/wp-json\/wp\/v2\/media?parent=223801"}],"wp:term":[{"taxonomy":"category","embeddable":true,"href":"https:\/\/www.ecuadortimes.net\/es\/wp-json\/wp\/v2\/categories?post=223801"},{"taxonomy":"post_tag","embeddable":true,"href":"https:\/\/www.ecuadortimes.net\/es\/wp-json\/wp\/v2\/tags?post=223801"}],"curies":[{"name":"wp","href":"https:\/\/api.w.org\/{rel}","templated":true}]}}