{"id":223803,"date":"2014-03-20T00:00:00","date_gmt":"2014-03-20T00:00:00","guid":{"rendered":"https:\/\/www.ecuadortimes.net\/es\/enlace-sabatino-de-abril-se-realizara-en-nueva-york\/"},"modified":"2014-03-20T00:00:00","modified_gmt":"2014-03-20T00:00:00","slug":"enlace-sabatino-de-abril-se-realizara-en-nueva-york","status":"publish","type":"post","link":"https:\/\/www.ecuadortimes.net\/es\/enlace-sabatino-de-abril-se-realizara-en-nueva-york\/","title":{"rendered":"Enlace sabatino de abril se realizar\u00e1 en Nueva York"},"content":{"rendered":"<p><a href=\"http:\/\/www.ecuadortimes.net\/es\/wp-content\/uploads\/2014\/03\/Correa-Enlace-NuevaYork.jpg\"><img loading=\"lazy\" class=\"size-medium wp-image-143047 alignright\" alt=\"Correa-Enlace-NuevaYork\" src=\"https:\/\/www.ecuadortimes.net\/es\/wp-content\/uploads\/2014\/03\/Correa-Enlace-NuevaYork-300x236.jpg\" width=\"300\" height=\"236\" \/><\/a>El presidente Rafael Correa realizar\u00e1 el 12 de abril el enlace sabatino desde el extranjero. En esta ocasi\u00f3n el informe de labores ser\u00e1 emitido desde Nueva York, Estados Unidos. El Gobierno ve este evento como una forma de acercar el Gobierno a los migrantes.<\/p>\n<p>Esta no ser\u00e1 la primera vez que el presidente hace su informe desde el exterior. Previamente la Secretar\u00eda de Comunicaci\u00f3n ya ha realizado transmisiones desde Estados Unidos y Espa\u00f1a.<\/p>\n<p>&#8220;Para m\u00ed es una de las cosas m\u00e1s intensas, algo indescriptible, tremendamente profundo, tremendamente intenso&#8221;, dijo el martes, el primer mandatario sobre la reuni\u00f3n que prev\u00e9 tener, en abril, con los ecuatorianos que viven en Nueva York.<\/p>\n<p>En el Queens College, de NY, ya se realiz\u00f3 un enlace sabatino en septiembre de 2011 y seg\u00fan reportes oficiales, hubo 1.500 espectadores.<\/p>\n<p>Hasta ahora, el presidente y el vicepresidente de la Rep\u00fablica han dirigido 365 enlaces sabatinos.<\/p>\n","protected":false},"excerpt":{"rendered":"<p>El presidente Rafael Correa realizar\u00e1 el 12 de abril el enlace sabatino desde el extranjero. En esta ocasi\u00f3n el informe de labores ser\u00e1 emitido desde Nueva York, Estados Unidos. El Gobierno ve este evento como una forma de acercar el Gobierno a los migrantes. Esta no ser\u00e1 la primera vez que el presidente hace su informe desde el exterior. Previamente la Secretar\u00eda de Comunicaci\u00f3n ya ha realizado transmisiones desde Estados Unidos y Espa\u00f1a. &#8220;Para m\u00ed es una de las cosas m\u00e1s intensas, algo indescriptible, tremendamente profundo, tremendamente intenso&#8221;, dijo el martes, el primer mandatario sobre la reuni\u00f3n que prev\u00e9 tener, en abril, con los ecuatorianos que viven en Nueva York. En el Queens College, de NY, ya se realiz\u00f3 un enlace sabatino en septiembre de 2011 y seg\u00fan reportes oficiales, hubo 1.500 espectadores. Hasta ahora, el presidente y el vicepresidente de la Rep\u00fablica han dirigido 365 enlaces sabatinos.<\/p>\n","protected":false},"author":1,"featured_media":223804,"comment_status":"open","ping_status":"open","sticky":false,"template":"","format":"standard","meta":[],"categories":[40,37],"tags":[],"_links":{"self":[{"href":"https:\/\/www.ecuadortimes.net\/es\/wp-json\/wp\/v2\/posts\/223803"}],"collection":[{"href":"https:\/\/www.ecuadortimes.net\/es\/wp-json\/wp\/v2\/posts"}],"about":[{"href":"https:\/\/www.ecuadortimes.net\/es\/wp-json\/wp\/v2\/types\/post"}],"author":[{"embeddable":true,"href":"https:\/\/www.ecuadortimes.net\/es\/wp-json\/wp\/v2\/users\/1"}],"replies":[{"embeddable":true,"href":"https:\/\/www.ecuadortimes.net\/es\/wp-json\/wp\/v2\/comments?post=223803"}],"version-history":[{"count":0,"href":"https:\/\/www.ecuadortimes.net\/es\/wp-json\/wp\/v2\/posts\/223803\/revisions"}],"wp:featuredmedia":[{"embeddable":true,"href":"https:\/\/www.ecuadortimes.net\/es\/wp-json\/wp\/v2\/media\/223804"}],"wp:attachment":[{"href":"https:\/\/www.ecuadortimes.net\/es\/wp-json\/wp\/v2\/media?parent=223803"}],"wp:term":[{"taxonomy":"category","embeddable":true,"href":"https:\/\/www.ecuadortimes.net\/es\/wp-json\/wp\/v2\/categories?post=223803"},{"taxonomy":"post_tag","embeddable":true,"href":"https:\/\/www.ecuadortimes.net\/es\/wp-json\/wp\/v2\/tags?post=223803"}],"curies":[{"name":"wp","href":"https:\/\/api.w.org\/{rel}","templated":true}]}}