{"id":223810,"date":"2014-03-20T00:00:00","date_gmt":"2014-03-20T00:00:00","guid":{"rendered":"https:\/\/www.ecuadortimes.net\/es\/dos-alcaldes-opositores-detenidos-en-venezuela\/"},"modified":"2014-03-20T00:00:00","modified_gmt":"2014-03-20T00:00:00","slug":"dos-alcaldes-opositores-detenidos-en-venezuela","status":"publish","type":"post","link":"https:\/\/www.ecuadortimes.net\/es\/dos-alcaldes-opositores-detenidos-en-venezuela\/","title":{"rendered":"Dos alcaldes opositores detenidos en Venezuela"},"content":{"rendered":"<p>Al principio las autoridades venezolanas informaron de la detenci\u00f3n de Daniel Ceballos, alcalde de San Crist\u00f3bal, y posteriormente ese mismo d\u00eda en horas de la noche, se supo que el alcalde del municipio de San Diego, Enzo Scarano, habr\u00eda sido detenido y condenado a 10 meses y 15 d\u00edas de c\u00e1rcel por desacato.<\/p>\n<div id=\"attachment_143073\" style=\"width: 395px\" class=\"wp-caption aligncenter\"><a href=\"http:\/\/www.ecuadortimes.net\/es\/wp-content\/uploads\/2014\/03\/daniel-ceballos-preso-venezuela.jpg\"><img aria-describedby=\"caption-attachment-143073\" loading=\"lazy\" class=\" wp-image-143073 \" alt=\"Daniel Ceballos\" src=\"https:\/\/www.ecuadortimes.net\/es\/wp-content\/uploads\/2014\/03\/daniel-ceballos-preso-venezuela.jpg\" width=\"385\" height=\"252\" \/><\/a><p id=\"caption-attachment-143073\" class=\"wp-caption-text\">Daniel Ceballos<\/p><\/div>\n<div id=\"attachment_143074\" style=\"width: 387px\" class=\"wp-caption aligncenter\"><a href=\"http:\/\/www.ecuadortimes.net\/es\/wp-content\/uploads\/2014\/03\/enzo-scarano-preso-venezuela.jpg\"><img aria-describedby=\"caption-attachment-143074\" loading=\"lazy\" class=\" wp-image-143074 \" alt=\"Enzo Scarano\" src=\"https:\/\/www.ecuadortimes.net\/es\/wp-content\/uploads\/2014\/03\/enzo-scarano-preso-venezuela.jpg\" width=\"377\" height=\"263\" \/><\/a><p id=\"caption-attachment-143074\" class=\"wp-caption-text\">Enzo Scarano<\/p><\/div>\n<p>Debido a que han habido muertos y protestas violentas en dichos estados, las autoridades venezolanas se valen de eso para culpar a los alcaldes opositores encargados de las ciudades afectadas para posteriormente detenerlos.<\/p>\n<p>&#8220;Esto es un acto de justicia ante un alcalde que no solamente dej\u00f3 de cumplir sus las obligaciones que le impone la ley y la Constituci\u00f3n, sino que facilit\u00f3, apoy\u00f3, toda la violencia irracional que se desat\u00f3 en San Crist\u00f3bal&#8221;, asegur\u00f3 el ministro del Interior, Justicia y Paz, Miguel Rodr\u00edguez Torres.<\/p>\n<p>Las detenciones de ambos alcaldes opositores al r\u00e9gimen de Nicol\u00e1s Maduro coinciden con una nueva ola de violencia y protestas que dieron como resultado dos muertos m\u00e1s, con lo que ya suman 31 en total.<\/p>\n","protected":false},"excerpt":{"rendered":"<p>Al principio las autoridades venezolanas informaron de la detenci\u00f3n de Daniel Ceballos, alcalde de San Crist\u00f3bal, y posteriormente ese mismo d\u00eda en horas de la noche, se supo que el alcalde del municipio de San Diego, Enzo Scarano, habr\u00eda sido detenido y condenado a 10 meses y 15 d\u00edas de c\u00e1rcel por desacato. Debido a que han habido muertos y protestas violentas en dichos estados, las autoridades venezolanas se valen de eso para culpar a los alcaldes opositores encargados de las ciudades afectadas para posteriormente detenerlos. &#8220;Esto es un acto de justicia ante un alcalde que no solamente dej\u00f3 de cumplir sus las obligaciones que le impone la ley y la Constituci\u00f3n, sino que facilit\u00f3, apoy\u00f3, toda la violencia irracional que se desat\u00f3 en San Crist\u00f3bal&#8221;, asegur\u00f3 el ministro del Interior, Justicia y Paz, Miguel Rodr\u00edguez Torres. Las detenciones de ambos alcaldes opositores al r\u00e9gimen de Nicol\u00e1s Maduro coinciden con una nueva ola de violencia y protestas que dieron como resultado dos muertos m\u00e1s, con lo que ya suman 31 en total.<\/p>\n","protected":false},"author":1,"featured_media":223811,"comment_status":"open","ping_status":"open","sticky":false,"template":"","format":"standard","meta":[],"categories":[34,37],"tags":[],"_links":{"self":[{"href":"https:\/\/www.ecuadortimes.net\/es\/wp-json\/wp\/v2\/posts\/223810"}],"collection":[{"href":"https:\/\/www.ecuadortimes.net\/es\/wp-json\/wp\/v2\/posts"}],"about":[{"href":"https:\/\/www.ecuadortimes.net\/es\/wp-json\/wp\/v2\/types\/post"}],"author":[{"embeddable":true,"href":"https:\/\/www.ecuadortimes.net\/es\/wp-json\/wp\/v2\/users\/1"}],"replies":[{"embeddable":true,"href":"https:\/\/www.ecuadortimes.net\/es\/wp-json\/wp\/v2\/comments?post=223810"}],"version-history":[{"count":0,"href":"https:\/\/www.ecuadortimes.net\/es\/wp-json\/wp\/v2\/posts\/223810\/revisions"}],"wp:featuredmedia":[{"embeddable":true,"href":"https:\/\/www.ecuadortimes.net\/es\/wp-json\/wp\/v2\/media\/223811"}],"wp:attachment":[{"href":"https:\/\/www.ecuadortimes.net\/es\/wp-json\/wp\/v2\/media?parent=223810"}],"wp:term":[{"taxonomy":"category","embeddable":true,"href":"https:\/\/www.ecuadortimes.net\/es\/wp-json\/wp\/v2\/categories?post=223810"},{"taxonomy":"post_tag","embeddable":true,"href":"https:\/\/www.ecuadortimes.net\/es\/wp-json\/wp\/v2\/tags?post=223810"}],"curies":[{"name":"wp","href":"https:\/\/api.w.org\/{rel}","templated":true}]}}