{"id":223830,"date":"2014-03-20T00:00:00","date_gmt":"2014-03-20T00:00:00","guid":{"rendered":"https:\/\/www.ecuadortimes.net\/es\/pais-deberia-iniciar-en-octubre-tramite-para-enmienda-constitucional\/"},"modified":"2014-03-20T00:00:00","modified_gmt":"2014-03-20T00:00:00","slug":"pais-deberia-iniciar-en-octubre-tramite-para-enmienda-constitucional","status":"publish","type":"post","link":"https:\/\/www.ecuadortimes.net\/es\/pais-deberia-iniciar-en-octubre-tramite-para-enmienda-constitucional\/","title":{"rendered":"Pa\u00eds deber\u00eda iniciar en octubre tr\u00e1mite para enmienda constitucional"},"content":{"rendered":"<div id=\"attachment_143107\" style=\"width: 285px\" class=\"wp-caption alignleft\"><a href=\"http:\/\/www.ecuadortimes.net\/es\/wp-content\/uploads\/2014\/03\/maria-jose-carri\u00f3n-enmienda-constitucional.jpeg\"><img aria-describedby=\"caption-attachment-143107\" loading=\"lazy\" class=\" wp-image-143107 \" alt=\"Pa\u00eds deber\u00eda iniciar en octubre tr\u00e1mite para enmienda constitucional\" src=\"https:\/\/www.ecuadortimes.net\/es\/wp-content\/uploads\/2014\/03\/maria-jose-carri\u00f3n-enmienda-constitucional.jpeg\" width=\"275\" height=\"183\" \/><\/a><p id=\"caption-attachment-143107\" class=\"wp-caption-text\">Pa\u00eds deber\u00eda iniciar en octubre tr\u00e1mite para enmienda constitucional<\/p><\/div>\n<p style=\"text-align: justify;\"><span style=\"font-size: 14px; line-height: 1.5em;\">Tras el acuerdo de la bancada d<span style=\"color: #000000;\">e que los cambios a la Constituci\u00f3n se hagan v\u00eda enmienda\u009d, y previo a determinar el tipo de reelecci\u00f3n, una de las mayores preocupaciones del bloque de Alianza Pa\u00eds es que tienen un a\u00f1o, a partir de la convenci\u00f3n del movimiento el pr\u00f3ximo 1 de mayo, para aprobar un proyecto de enmienda constitucional que incluya la reelecci\u00f3n para todos los cargos de elecci\u00f3n popular.<\/span><\/span><\/p>\n<p style=\"text-align: justify;\">Seg\u00fan la misma Constituci\u00f3n, la enmienda debe ser aprobada en dos debates con el intervalo de un a\u00f1o entre el primero y el segundo. La asamble\u00edsta Mar\u00eda Jos\u00e9 Carri\u00f3n (AP)\u00a0menciona que es necesario considerar la disposici\u00f3n en la que se proh\u00edbe hacer reformas electorales un a\u00f1o antes de cualquier comicio, adem\u00e1s de que el a\u00f1o anterior\u009d debe considerarse desde la convocatoria a elecciones.<\/p>\n<p style=\"text-align: justify;\">Por tanto, a la Asamblea le tocar\u00eda iniciar el tr\u00e1mite de enmienda m\u00e1ximo en octubre de este a\u00f1o, para concluir en octubre del 2015.<\/p>\n<p style=\"text-align: justify;\">La intenci\u00f3n en AP es llegar a una definici\u00f3n sobre el tipo de reelecci\u00f3n antes de la convenci\u00f3n del movimiento, cuando se prev\u00e9n cambios en la directiva nacional.<\/p>\n<p style=\"text-align: justify;\">Para eso La coordinadora de bloque, Adriana de la Cruz, prev\u00e9 una reuni\u00f3n con el presidente Rafael Correa antes de este encuentro, pero a\u00fan no hay fecha.<\/p>\n","protected":false},"excerpt":{"rendered":"<p>Tras el acuerdo de la bancada de que los cambios a la Constituci\u00f3n se hagan v\u00eda enmienda\u009d, y previo a determinar el tipo de reelecci\u00f3n, una de las mayores preocupaciones del bloque de Alianza Pa\u00eds es que tienen un a\u00f1o, a partir de la convenci\u00f3n del movimiento el pr\u00f3ximo 1 de mayo, para aprobar un proyecto de enmienda constitucional que incluya la reelecci\u00f3n para todos los cargos de elecci\u00f3n popular. Seg\u00fan la misma Constituci\u00f3n, la enmienda debe ser aprobada en dos debates con el intervalo de un a\u00f1o entre el primero y el segundo. La asamble\u00edsta Mar\u00eda Jos\u00e9 Carri\u00f3n (AP)\u00a0menciona que es necesario considerar la disposici\u00f3n en la que se proh\u00edbe hacer reformas electorales un a\u00f1o antes de cualquier comicio, adem\u00e1s de que el a\u00f1o anterior\u009d debe considerarse desde la convocatoria a elecciones. Por tanto, a la Asamblea le tocar\u00eda iniciar el tr\u00e1mite de enmienda m\u00e1ximo en octubre de este a\u00f1o, para concluir en octubre del 2015. La intenci\u00f3n en AP es llegar a una definici\u00f3n sobre el tipo de reelecci\u00f3n antes de la convenci\u00f3n del movimiento, cuando se prev\u00e9n cambios en la directiva nacional. Para eso La coordinadora de bloque, Adriana de la Cruz, prev\u00e9 una reuni\u00f3n con el presidente Rafael Correa antes de este encuentro, pero a\u00fan no hay fecha.<\/p>\n","protected":false},"author":1,"featured_media":223831,"comment_status":"open","ping_status":"open","sticky":false,"template":"","format":"standard","meta":[],"categories":[40,37],"tags":[],"_links":{"self":[{"href":"https:\/\/www.ecuadortimes.net\/es\/wp-json\/wp\/v2\/posts\/223830"}],"collection":[{"href":"https:\/\/www.ecuadortimes.net\/es\/wp-json\/wp\/v2\/posts"}],"about":[{"href":"https:\/\/www.ecuadortimes.net\/es\/wp-json\/wp\/v2\/types\/post"}],"author":[{"embeddable":true,"href":"https:\/\/www.ecuadortimes.net\/es\/wp-json\/wp\/v2\/users\/1"}],"replies":[{"embeddable":true,"href":"https:\/\/www.ecuadortimes.net\/es\/wp-json\/wp\/v2\/comments?post=223830"}],"version-history":[{"count":0,"href":"https:\/\/www.ecuadortimes.net\/es\/wp-json\/wp\/v2\/posts\/223830\/revisions"}],"wp:featuredmedia":[{"embeddable":true,"href":"https:\/\/www.ecuadortimes.net\/es\/wp-json\/wp\/v2\/media\/223831"}],"wp:attachment":[{"href":"https:\/\/www.ecuadortimes.net\/es\/wp-json\/wp\/v2\/media?parent=223830"}],"wp:term":[{"taxonomy":"category","embeddable":true,"href":"https:\/\/www.ecuadortimes.net\/es\/wp-json\/wp\/v2\/categories?post=223830"},{"taxonomy":"post_tag","embeddable":true,"href":"https:\/\/www.ecuadortimes.net\/es\/wp-json\/wp\/v2\/tags?post=223830"}],"curies":[{"name":"wp","href":"https:\/\/api.w.org\/{rel}","templated":true}]}}