{"id":223905,"date":"2014-03-24T00:00:00","date_gmt":"2014-03-24T00:00:00","guid":{"rendered":"https:\/\/www.ecuadortimes.net\/es\/apple-y-comcast-se-unirian-para-nuevo-servicio-de-tv-en-linea\/"},"modified":"2014-03-24T00:00:00","modified_gmt":"2014-03-24T00:00:00","slug":"apple-y-comcast-se-unirian-para-nuevo-servicio-de-tv-en-linea","status":"publish","type":"post","link":"https:\/\/www.ecuadortimes.net\/es\/apple-y-comcast-se-unirian-para-nuevo-servicio-de-tv-en-linea\/","title":{"rendered":"Apple y Comcast se unir\u00edan para nuevo servicio de TV en l\u00ednea"},"content":{"rendered":"<div id=\"attachment_143325\" style=\"width: 310px\" class=\"wp-caption alignright\"><a href=\"http:\/\/www.ecuadortimes.net\/es\/wp-content\/uploads\/2014\/03\/apple-tv.jpg\"><img aria-describedby=\"caption-attachment-143325\" loading=\"lazy\" class=\"size-medium wp-image-143325 \" title=\"Apple y Comcast se unir\u00edan para nuevo servicio de TV en l\u00ednea\" alt=\"apple-tv\" src=\"https:\/\/www.ecuadortimes.net\/es\/wp-content\/uploads\/2014\/03\/apple-tv-300x207.jpg\" width=\"300\" height=\"207\" \/><\/a><p id=\"caption-attachment-143325\" class=\"wp-caption-text\">Apple firmar\u00eda un acuerdo con Comcast para la creaci\u00f3n de un nuevo servicio de TV en l\u00ednea que tendr\u00eda como objetivo una \u00f3ptima calidad de transmisi\u00f3n<\/p><\/div>\n<p>El Wall Street Journal informa que Apple esta negociando una alianza con el proveedor de TV por cable, Comcast, con el objetivo de transmitir por Internet los programas y videos con opci\u00f3n de men\u00fa.<\/p>\n<p>Esta alianza busca garantizar la \u00f3ptima calidad de transmisi\u00f3n por Internet, adem\u00e1s de que \u00e9sta ser\u00eda una nueva versi\u00f3n de Apple TV, pero con la diferencia de que se podr\u00e1 tener acceso a los programas de las distintas compa\u00f1\u00edas de cable a cambio de un porcentaje del cobro mensual de los clientes de Comcast.<\/p>\n<p>Debido a que a\u00fan no se ha decidido cu\u00e1l de las dos empresas tendr\u00e1 el control sobre los usuarios, el trato dista de estar cerrado seg\u00fan el Wall Street Journal.<\/p>\n","protected":false},"excerpt":{"rendered":"<p>El Wall Street Journal informa que Apple esta negociando una alianza con el proveedor de TV por cable, Comcast, con el objetivo de transmitir por Internet los programas y videos con opci\u00f3n de men\u00fa. Esta alianza busca garantizar la \u00f3ptima calidad de transmisi\u00f3n por Internet, adem\u00e1s de que \u00e9sta ser\u00eda una nueva versi\u00f3n de Apple TV, pero con la diferencia de que se podr\u00e1 tener acceso a los programas de las distintas compa\u00f1\u00edas de cable a cambio de un porcentaje del cobro mensual de los clientes de Comcast. Debido a que a\u00fan no se ha decidido cu\u00e1l de las dos empresas tendr\u00e1 el control sobre los usuarios, el trato dista de estar cerrado seg\u00fan el Wall Street Journal.<\/p>\n","protected":false},"author":1,"featured_media":223906,"comment_status":"open","ping_status":"open","sticky":false,"template":"","format":"standard","meta":[],"categories":[31,44],"tags":[],"_links":{"self":[{"href":"https:\/\/www.ecuadortimes.net\/es\/wp-json\/wp\/v2\/posts\/223905"}],"collection":[{"href":"https:\/\/www.ecuadortimes.net\/es\/wp-json\/wp\/v2\/posts"}],"about":[{"href":"https:\/\/www.ecuadortimes.net\/es\/wp-json\/wp\/v2\/types\/post"}],"author":[{"embeddable":true,"href":"https:\/\/www.ecuadortimes.net\/es\/wp-json\/wp\/v2\/users\/1"}],"replies":[{"embeddable":true,"href":"https:\/\/www.ecuadortimes.net\/es\/wp-json\/wp\/v2\/comments?post=223905"}],"version-history":[{"count":0,"href":"https:\/\/www.ecuadortimes.net\/es\/wp-json\/wp\/v2\/posts\/223905\/revisions"}],"wp:featuredmedia":[{"embeddable":true,"href":"https:\/\/www.ecuadortimes.net\/es\/wp-json\/wp\/v2\/media\/223906"}],"wp:attachment":[{"href":"https:\/\/www.ecuadortimes.net\/es\/wp-json\/wp\/v2\/media?parent=223905"}],"wp:term":[{"taxonomy":"category","embeddable":true,"href":"https:\/\/www.ecuadortimes.net\/es\/wp-json\/wp\/v2\/categories?post=223905"},{"taxonomy":"post_tag","embeddable":true,"href":"https:\/\/www.ecuadortimes.net\/es\/wp-json\/wp\/v2\/tags?post=223905"}],"curies":[{"name":"wp","href":"https:\/\/api.w.org\/{rel}","templated":true}]}}