{"id":227383,"date":"2014-07-15T00:00:00","date_gmt":"2014-07-15T00:00:00","guid":{"rendered":"https:\/\/www.ecuadortimes.net\/es\/ecuador-contratara-1-500-profesores-hasta-el-2015\/"},"modified":"2014-07-15T00:00:00","modified_gmt":"2014-07-15T00:00:00","slug":"ecuador-contratara-1-500-profesores-hasta-el-2015","status":"publish","type":"post","link":"https:\/\/www.ecuadortimes.net\/es\/ecuador-contratara-1-500-profesores-hasta-el-2015\/","title":{"rendered":"Ecuador contratar\u00e1 1.500 profesores hasta el 2015"},"content":{"rendered":"<p class=\"ecxMsoNormal\" style=\"color: #444444; text-align: justify;\"><a href=\"http:\/\/www.ecuadortimes.net\/es\/wp-content\/uploads\/2014\/07\/maestros.jpg\"><img loading=\"lazy\" class=\"alignright wp-image-150892 size-medium\" src=\"https:\/\/www.ecuadortimes.net\/es\/wp-content\/uploads\/2014\/07\/maestros-300x200.jpg\" alt=\"vc.jpg\" width=\"300\" height=\"200\" \/><\/a>El programa gubernamental Quiero Ser Maestro\u00a0 dentro de su tercera fase prev\u00e9 contratar a 15.000 docentes que se unir\u00edan al magisterio fiscal en 2015. As\u00ed lo se\u00f1al\u00f3 la Subsecretaria de Educaci\u00f3n, Vanessa Calvas, en una entrevista para la agencia Andes.<\/p>\n<p class=\"ecxMsoNormal\" style=\"color: #444444; text-align: justify;\">Cada a\u00f1o se jubilan alrededor de 7.000 maestros a escala nacional, por lo que Ecuador requiere de nuevos profesionales comprometidos con esta vocaci\u00f3n, dentro de un proceso de elegibilidad que se desarrolla desde 2013.<\/p>\n<p class=\"ecxMsoNormal\" style=\"color: #444444; text-align: justify;\">La actual convocatoria se realiz\u00f3 tambi\u00e9n en Espa\u00f1a, donde hay un n\u00famero considerable de migrantes ecuatorianos profesionales que pueden retornar al pa\u00eds para aportar en el sistema educativo. En futuras convocatorias el llamado tambi\u00e9n ser\u00e1 en Estados Unidos e Italia, confirm\u00f3 Calvas.<\/p>\n<p>&nbsp;<\/p>\n","protected":false},"excerpt":{"rendered":"<p>El programa gubernamental Quiero Ser Maestro\u00a0 dentro de su tercera fase prev\u00e9 contratar a 15.000 docentes que se unir\u00edan al magisterio fiscal en 2015. As\u00ed lo se\u00f1al\u00f3 la Subsecretaria de Educaci\u00f3n, Vanessa Calvas, en una entrevista para la agencia Andes. Cada a\u00f1o se jubilan alrededor de 7.000 maestros a escala nacional, por lo que Ecuador requiere de nuevos profesionales comprometidos con esta vocaci\u00f3n, dentro de un proceso de elegibilidad que se desarrolla desde 2013. La actual convocatoria se realiz\u00f3 tambi\u00e9n en Espa\u00f1a, donde hay un n\u00famero considerable de migrantes ecuatorianos profesionales que pueden retornar al pa\u00eds para aportar en el sistema educativo. En futuras convocatorias el llamado tambi\u00e9n ser\u00e1 en Estados Unidos e Italia, confirm\u00f3 Calvas. &nbsp;<\/p>\n","protected":false},"author":1,"featured_media":227384,"comment_status":"open","ping_status":"open","sticky":false,"template":"","format":"standard","meta":[],"categories":[35,37],"tags":[],"_links":{"self":[{"href":"https:\/\/www.ecuadortimes.net\/es\/wp-json\/wp\/v2\/posts\/227383"}],"collection":[{"href":"https:\/\/www.ecuadortimes.net\/es\/wp-json\/wp\/v2\/posts"}],"about":[{"href":"https:\/\/www.ecuadortimes.net\/es\/wp-json\/wp\/v2\/types\/post"}],"author":[{"embeddable":true,"href":"https:\/\/www.ecuadortimes.net\/es\/wp-json\/wp\/v2\/users\/1"}],"replies":[{"embeddable":true,"href":"https:\/\/www.ecuadortimes.net\/es\/wp-json\/wp\/v2\/comments?post=227383"}],"version-history":[{"count":0,"href":"https:\/\/www.ecuadortimes.net\/es\/wp-json\/wp\/v2\/posts\/227383\/revisions"}],"wp:featuredmedia":[{"embeddable":true,"href":"https:\/\/www.ecuadortimes.net\/es\/wp-json\/wp\/v2\/media\/227384"}],"wp:attachment":[{"href":"https:\/\/www.ecuadortimes.net\/es\/wp-json\/wp\/v2\/media?parent=227383"}],"wp:term":[{"taxonomy":"category","embeddable":true,"href":"https:\/\/www.ecuadortimes.net\/es\/wp-json\/wp\/v2\/categories?post=227383"},{"taxonomy":"post_tag","embeddable":true,"href":"https:\/\/www.ecuadortimes.net\/es\/wp-json\/wp\/v2\/tags?post=227383"}],"curies":[{"name":"wp","href":"https:\/\/api.w.org\/{rel}","templated":true}]}}