{"id":228249,"date":"2014-08-09T00:00:00","date_gmt":"2014-08-09T00:00:00","guid":{"rendered":"https:\/\/www.ecuadortimes.net\/es\/la-legendaria-foto-de-the-beatles-en-abbey-road-cumple-45-anos\/"},"modified":"2014-08-09T00:00:00","modified_gmt":"2014-08-09T00:00:00","slug":"la-legendaria-foto-de-the-beatles-en-abbey-road-cumple-45-anos","status":"publish","type":"post","link":"https:\/\/www.ecuadortimes.net\/es\/la-legendaria-foto-de-the-beatles-en-abbey-road-cumple-45-anos\/","title":{"rendered":"La legendaria foto de The Beatles en Abbey Road cumple 45 a\u00f1os"},"content":{"rendered":"<p><a href=\"http:\/\/www.ecuadortimes.net\/es\/wp-content\/uploads\/2014\/08\/abbey-road.jpg\"><img loading=\"lazy\" class=\"alignright size-medium wp-image-152667\" src=\"https:\/\/www.ecuadortimes.net\/es\/wp-content\/uploads\/2014\/08\/abbey-road-300x166.jpg\" alt=\"abbey-road\" width=\"300\" height=\"166\" \/><\/a>El 8 de agosto de 1969, John Lennon, Paul McCartney, George Harrison y Ringo Starr posaron para una de las fotos m\u00e1s famosas de la historia.<\/p>\n<p>En las afueras de los estudios de EMI en Abbey Road (Londres), Iain Macmillan fotografi\u00f3 a The Beatles cruzando la cebra peatonal, consiguiendo una imagen que se convirti\u00f3 en un referente obligado para los fan\u00e1ticos del grupo ingl\u00e9s.<\/p>\n<p>La foto fue la portada del \u00e1lbum &#8216;Abbey Road&#8217;, que se public\u00f3 el 26 de septiembre de 1969 y contiene canciones como Come Together, Something y Here Comes the Sun.<\/p>\n<p>Desde ese momento, miles de fan\u00e1ticos han imitado la composici\u00f3n de la fotograf\u00eda, en la que se ve a Lennon, McCartney, Harrison y Starr atravesando la v\u00eda.<\/p>\n<p>De hecho, cientos de seguidores de The Beatles se reunieron en el cruce peatonal para celebrar el aniversario. Entre ellos estaban los actores del reparto del musical &#8216;Let it be&#8217;, que se presenta actualmente en el West End de Londres.<\/p>\n<p>Esa ma\u00f1ana de 1969, Macmillan solo tuvo diez minutos para hacer la fotograf\u00eda, ya que los polic\u00edas ten\u00edan que controlar el tr\u00e1fico de la zona.<\/p>\n<p>En la portada se ve al grupo caminando de izquierda a derecha, liderado por Lennon, despu\u00e9s de quien vienen Starr, McCartney (que est\u00e1 descalzo) y Harrison.<\/p>\n<p>En el fondo de la foto se destaca un Volkswagen Escarabajo blanco y tambi\u00e9n se puede ver a un hombre desprevenido, Paul Cole (un turista estadounidense), quien no supo que hab\u00eda sido fotografiado.<\/p>\n","protected":false},"excerpt":{"rendered":"<p>El 8 de agosto de 1969, John Lennon, Paul McCartney, George Harrison y Ringo Starr posaron para una de las fotos m\u00e1s famosas de la historia. En las afueras de los estudios de EMI en Abbey Road (Londres), Iain Macmillan fotografi\u00f3 a The Beatles cruzando la cebra peatonal, consiguiendo una imagen que se convirti\u00f3 en un referente obligado para los fan\u00e1ticos del grupo ingl\u00e9s. La foto fue la portada del \u00e1lbum &#8216;Abbey Road&#8217;, que se public\u00f3 el 26 de septiembre de 1969 y contiene canciones como Come Together, Something y Here Comes the Sun. Desde ese momento, miles de fan\u00e1ticos han imitado la composici\u00f3n de la fotograf\u00eda, en la que se ve a Lennon, McCartney, Harrison y Starr atravesando la v\u00eda. De hecho, cientos de seguidores de The Beatles se reunieron en el cruce peatonal para celebrar el aniversario. Entre ellos estaban los actores del reparto del musical &#8216;Let it be&#8217;, que se presenta actualmente en el West End de Londres. Esa ma\u00f1ana de 1969, Macmillan solo tuvo diez minutos para hacer la fotograf\u00eda, ya que los polic\u00edas ten\u00edan que controlar el tr\u00e1fico de la zona. En la portada se ve al grupo caminando de izquierda a derecha, liderado por Lennon, despu\u00e9s de quien vienen Starr, McCartney (que est\u00e1 descalzo) y Harrison. En el fondo de la foto se destaca un Volkswagen Escarabajo blanco y tambi\u00e9n se puede ver a un hombre desprevenido, Paul Cole (un turista estadounidense), quien no supo que hab\u00eda sido fotografiado.<\/p>\n","protected":false},"author":1,"featured_media":228250,"comment_status":"open","ping_status":"open","sticky":false,"template":"","format":"standard","meta":[],"categories":[44],"tags":[],"_links":{"self":[{"href":"https:\/\/www.ecuadortimes.net\/es\/wp-json\/wp\/v2\/posts\/228249"}],"collection":[{"href":"https:\/\/www.ecuadortimes.net\/es\/wp-json\/wp\/v2\/posts"}],"about":[{"href":"https:\/\/www.ecuadortimes.net\/es\/wp-json\/wp\/v2\/types\/post"}],"author":[{"embeddable":true,"href":"https:\/\/www.ecuadortimes.net\/es\/wp-json\/wp\/v2\/users\/1"}],"replies":[{"embeddable":true,"href":"https:\/\/www.ecuadortimes.net\/es\/wp-json\/wp\/v2\/comments?post=228249"}],"version-history":[{"count":0,"href":"https:\/\/www.ecuadortimes.net\/es\/wp-json\/wp\/v2\/posts\/228249\/revisions"}],"wp:featuredmedia":[{"embeddable":true,"href":"https:\/\/www.ecuadortimes.net\/es\/wp-json\/wp\/v2\/media\/228250"}],"wp:attachment":[{"href":"https:\/\/www.ecuadortimes.net\/es\/wp-json\/wp\/v2\/media?parent=228249"}],"wp:term":[{"taxonomy":"category","embeddable":true,"href":"https:\/\/www.ecuadortimes.net\/es\/wp-json\/wp\/v2\/categories?post=228249"},{"taxonomy":"post_tag","embeddable":true,"href":"https:\/\/www.ecuadortimes.net\/es\/wp-json\/wp\/v2\/tags?post=228249"}],"curies":[{"name":"wp","href":"https:\/\/api.w.org\/{rel}","templated":true}]}}