{"id":229884,"date":"2014-10-01T00:00:00","date_gmt":"2014-10-01T00:00:00","guid":{"rendered":"https:\/\/www.ecuadortimes.net\/es\/refineria-de-esmeraldas-se-paraliza-por-40-dias\/"},"modified":"2014-10-01T00:00:00","modified_gmt":"2014-10-01T00:00:00","slug":"refineria-de-esmeraldas-se-paraliza-por-40-dias","status":"publish","type":"post","link":"https:\/\/www.ecuadortimes.net\/es\/refineria-de-esmeraldas-se-paraliza-por-40-dias\/","title":{"rendered":"Refiner\u00eda de Esmeraldas se paraliza por 40 d\u00edas"},"content":{"rendered":"<p class=\"ecxMsoNormal\" style=\"color: #000000;\"><a href=\"http:\/\/www.ecuadortimes.net\/es\/wp-content\/uploads\/2014\/10\/refineria-esmeraldas.jpg\"><img loading=\"lazy\" class=\"alignright size-medium wp-image-156094\" src=\"https:\/\/www.ecuadortimes.net\/es\/wp-content\/uploads\/2014\/10\/refineria-esmeraldas-300x166.jpg\" alt=\"refineria-esmeraldas\" width=\"300\" height=\"166\" \/><\/a>La Refiner\u00eda de Esmeraldas inicia desde hoy un paro total de sus actividades productivas para continuar con la rehabilitaci\u00f3n de la planta, la cual comenz\u00f3 en el a\u00f1o 2008.<\/p>\n<p class=\"ecxMsoNormal\" style=\"color: #000000;\">Durante estos 40 d\u00edas se realizar\u00e1 el mantenimiento a los sistemas de agua de enfriamiento, cambios de l\u00edneas de aire y la renovaci\u00f3n integral de la l\u00ednea de tea, adem\u00e1s de independizar las dos unidades de No Catal\u00edticas, se\u00f1al\u00f3 Petroecuador en un comunicado.<\/p>\n<p class=\"ecxMsoNormal\" style=\"color: #000000;\">La complejidad de estos sistemas operativos obliga a que su intervenci\u00f3n pueda ejecutar \u00fanicamente con la planta fuera de operaciones\u009d, dijo la Petroecuador.<\/p>\n<p class=\"ecxMsoNormal\" style=\"color: #000000;\">El objetivo de esta paralizaci\u00f3n es optimizar la planta y sus sistemas, permitir la continuidad operativa de esta e incrementar su eficiencia.<\/p>\n<p class=\"ecxMsoNormal\" style=\"color: #000000;\">La Refiner\u00eda Esmeraldas mantiene en stock el volumen suficiente de derivados para garantizar el suministro seguro y confiable al mercado interno. Y, las importaciones que se requerir\u00e1n,\u00a0ya han sido oportunamente coordinadas por el \u00e1rea de Comercio Internacional\u009d,\u00a0indic\u00f3 la empresa estatal.<\/p>\n<p class=\"ecxMsoNormal\" style=\"color: #000000;\">\n","protected":false},"excerpt":{"rendered":"<p>La Refiner\u00eda de Esmeraldas inicia desde hoy un paro total de sus actividades productivas para continuar con la rehabilitaci\u00f3n de la planta, la cual comenz\u00f3 en el a\u00f1o 2008. Durante estos 40 d\u00edas se realizar\u00e1 el mantenimiento a los sistemas de agua de enfriamiento, cambios de l\u00edneas de aire y la renovaci\u00f3n integral de la l\u00ednea de tea, adem\u00e1s de independizar las dos unidades de No Catal\u00edticas, se\u00f1al\u00f3 Petroecuador en un comunicado. La complejidad de estos sistemas operativos obliga a que su intervenci\u00f3n pueda ejecutar \u00fanicamente con la planta fuera de operaciones\u009d, dijo la Petroecuador. El objetivo de esta paralizaci\u00f3n es optimizar la planta y sus sistemas, permitir la continuidad operativa de esta e incrementar su eficiencia. La Refiner\u00eda Esmeraldas mantiene en stock el volumen suficiente de derivados para garantizar el suministro seguro y confiable al mercado interno. Y, las importaciones que se requerir\u00e1n,\u00a0ya han sido oportunamente coordinadas por el \u00e1rea de Comercio Internacional\u009d,\u00a0indic\u00f3 la empresa estatal.<\/p>\n","protected":false},"author":1,"featured_media":229885,"comment_status":"open","ping_status":"open","sticky":false,"template":"","format":"standard","meta":[],"categories":[35],"tags":[],"_links":{"self":[{"href":"https:\/\/www.ecuadortimes.net\/es\/wp-json\/wp\/v2\/posts\/229884"}],"collection":[{"href":"https:\/\/www.ecuadortimes.net\/es\/wp-json\/wp\/v2\/posts"}],"about":[{"href":"https:\/\/www.ecuadortimes.net\/es\/wp-json\/wp\/v2\/types\/post"}],"author":[{"embeddable":true,"href":"https:\/\/www.ecuadortimes.net\/es\/wp-json\/wp\/v2\/users\/1"}],"replies":[{"embeddable":true,"href":"https:\/\/www.ecuadortimes.net\/es\/wp-json\/wp\/v2\/comments?post=229884"}],"version-history":[{"count":0,"href":"https:\/\/www.ecuadortimes.net\/es\/wp-json\/wp\/v2\/posts\/229884\/revisions"}],"wp:featuredmedia":[{"embeddable":true,"href":"https:\/\/www.ecuadortimes.net\/es\/wp-json\/wp\/v2\/media\/229885"}],"wp:attachment":[{"href":"https:\/\/www.ecuadortimes.net\/es\/wp-json\/wp\/v2\/media?parent=229884"}],"wp:term":[{"taxonomy":"category","embeddable":true,"href":"https:\/\/www.ecuadortimes.net\/es\/wp-json\/wp\/v2\/categories?post=229884"},{"taxonomy":"post_tag","embeddable":true,"href":"https:\/\/www.ecuadortimes.net\/es\/wp-json\/wp\/v2\/tags?post=229884"}],"curies":[{"name":"wp","href":"https:\/\/api.w.org\/{rel}","templated":true}]}}