{"id":231133,"date":"2014-11-10T00:00:00","date_gmt":"2014-11-10T00:00:00","guid":{"rendered":"https:\/\/www.ecuadortimes.net\/es\/protestas-por-los-43-estudiantes-desaparecidos-se-retoman-en-mexico\/"},"modified":"2014-11-10T00:00:00","modified_gmt":"2014-11-10T00:00:00","slug":"protestas-por-los-43-estudiantes-desaparecidos-se-retoman-en-mexico","status":"publish","type":"post","link":"https:\/\/www.ecuadortimes.net\/es\/protestas-por-los-43-estudiantes-desaparecidos-se-retoman-en-mexico\/","title":{"rendered":"Protestas por los 43 estudiantes desaparecidos se retoman en M\u00e9xico"},"content":{"rendered":"<div id=\"attachment_158701\" style=\"width: 469px\" class=\"wp-caption alignright\"><a href=\"http:\/\/www.ecuadortimes.net\/es\/wp-content\/uploads\/2014\/11\/Mexico-retoman-protestas-43-estudiantes-desaparecidos-Acapulco.jpg\"><img aria-describedby=\"caption-attachment-158701\" loading=\"lazy\" class=\" wp-image-158701\" src=\"https:\/\/www.ecuadortimes.net\/es\/wp-content\/uploads\/2014\/11\/Mexico-retoman-protestas-43-estudiantes-desaparecidos-Acapulco.jpg\" alt=\"EFE\" width=\"459\" height=\"292\" \/><\/a><p id=\"caption-attachment-158701\" class=\"wp-caption-text\">EFE<\/p><\/div>\n<p>Padres de los 43 estudiantes posiblemente masacrados y sus compa\u00f1eros retomaron hoy las protestas contra el gobierno mexicano.<\/p>\n<p>Unos 300 manifestantes, que se identifican como estudiantes, y algunos padres de los 43 desaparecidos iniciaron una marcha hacia el aeropuerto Acapulco, pero polic\u00edas antimotines les impidieron en un primer momento el paso en la principal v\u00eda de acceso.<\/p>\n<p>Los manifestantes, la mayor\u00eda encapuchados, reaccionaron lanzando piedras contra los polic\u00edas, dejando una decena de heridos seg\u00fan dijo a la AFP un funcionario de Seguridad P\u00fablica del estado de Guerrero.<\/p>\n<p>Seg\u00fan las \u00faltimas informaciones, bloquearon las entradas del aeropuerto y no permiten que turistas con maletas ingresen a la instalaci\u00f3n.<\/p>\n<p>La interrupci\u00f3n durar\u00e1 tres horas, seg\u00fan dijo el vocero de los padres de los desaparecidos, Felipe de la Cruz.<\/p>\n","protected":false},"excerpt":{"rendered":"<p>Padres de los 43 estudiantes posiblemente masacrados y sus compa\u00f1eros retomaron hoy las protestas contra el gobierno mexicano. Unos 300 manifestantes, que se identifican como estudiantes, y algunos padres de los 43 desaparecidos iniciaron una marcha hacia el aeropuerto Acapulco, pero polic\u00edas antimotines les impidieron en un primer momento el paso en la principal v\u00eda de acceso. Los manifestantes, la mayor\u00eda encapuchados, reaccionaron lanzando piedras contra los polic\u00edas, dejando una decena de heridos seg\u00fan dijo a la AFP un funcionario de Seguridad P\u00fablica del estado de Guerrero. Seg\u00fan las \u00faltimas informaciones, bloquearon las entradas del aeropuerto y no permiten que turistas con maletas ingresen a la instalaci\u00f3n. La interrupci\u00f3n durar\u00e1 tres horas, seg\u00fan dijo el vocero de los padres de los desaparecidos, Felipe de la Cruz.<\/p>\n","protected":false},"author":1,"featured_media":231134,"comment_status":"open","ping_status":"open","sticky":false,"template":"","format":"standard","meta":[],"categories":[36,37],"tags":[],"_links":{"self":[{"href":"https:\/\/www.ecuadortimes.net\/es\/wp-json\/wp\/v2\/posts\/231133"}],"collection":[{"href":"https:\/\/www.ecuadortimes.net\/es\/wp-json\/wp\/v2\/posts"}],"about":[{"href":"https:\/\/www.ecuadortimes.net\/es\/wp-json\/wp\/v2\/types\/post"}],"author":[{"embeddable":true,"href":"https:\/\/www.ecuadortimes.net\/es\/wp-json\/wp\/v2\/users\/1"}],"replies":[{"embeddable":true,"href":"https:\/\/www.ecuadortimes.net\/es\/wp-json\/wp\/v2\/comments?post=231133"}],"version-history":[{"count":0,"href":"https:\/\/www.ecuadortimes.net\/es\/wp-json\/wp\/v2\/posts\/231133\/revisions"}],"wp:featuredmedia":[{"embeddable":true,"href":"https:\/\/www.ecuadortimes.net\/es\/wp-json\/wp\/v2\/media\/231134"}],"wp:attachment":[{"href":"https:\/\/www.ecuadortimes.net\/es\/wp-json\/wp\/v2\/media?parent=231133"}],"wp:term":[{"taxonomy":"category","embeddable":true,"href":"https:\/\/www.ecuadortimes.net\/es\/wp-json\/wp\/v2\/categories?post=231133"},{"taxonomy":"post_tag","embeddable":true,"href":"https:\/\/www.ecuadortimes.net\/es\/wp-json\/wp\/v2\/tags?post=231133"}],"curies":[{"name":"wp","href":"https:\/\/api.w.org\/{rel}","templated":true}]}}