{"id":231152,"date":"2014-11-11T00:00:00","date_gmt":"2014-11-11T00:00:00","guid":{"rendered":"https:\/\/www.ecuadortimes.net\/es\/habra-4-dias-de-feriado-en-fin-de-ano-segun-decreto-presidencial\/"},"modified":"2014-11-11T00:00:00","modified_gmt":"2014-11-11T00:00:00","slug":"habra-4-dias-de-feriado-en-fin-de-ano-segun-decreto-presidencial","status":"publish","type":"post","link":"https:\/\/www.ecuadortimes.net\/es\/habra-4-dias-de-feriado-en-fin-de-ano-segun-decreto-presidencial\/","title":{"rendered":"Habr\u00e1 4 d\u00edas de feriado en Fin de A\u00f1o, seg\u00fan decreto presidencial"},"content":{"rendered":"<p style=\"color: #444444; text-align: justify;\"><a href=\"http:\/\/www.ecuadortimes.net\/es\/wp-content\/uploads\/2014\/11\/feriados.jpg\"><img loading=\"lazy\" class=\"alignright wp-image-158749\" src=\"https:\/\/www.ecuadortimes.net\/es\/wp-content\/uploads\/2014\/11\/feriados-300x206.jpg\" alt=\"feriados\" width=\"400\" height=\"275\" \/><\/a>El Ministerio de Turismo record\u00f3 la proximidad de las festividades de Navidad y A\u00f1o Nuevo tras publicar que estas fechas trae consigo varios d\u00edas libres para la ciudadan\u00eda.\u00a0La norma general fue establecida en 2012 por decreto\u00a0No. 1162\u00a0del Presidente Rafael Correa.<\/p>\n<p style=\"color: #444444; text-align: justify;\">As\u00ed, en Navidad ser\u00e1 el primer &#8216;puente&#8217;. El viernes 26 de diciembre ser\u00e1 feriado. Esa jornada tendr\u00e1 que recuperarse, sin embargo, el s\u00e1bado 20. Para esas festividades el asueto ser\u00e1 de cuatro d\u00edas -desde el jueves hasta el domingo-.<\/p>\n<p style=\"color: #444444; text-align: justify;\">En fin de a\u00f1o ser\u00e1n d\u00edas de descanso el jueves 1, viernes 2, s\u00e1bado 3 y domingo 4 de enero. La jornada del viernes tambi\u00e9n tendr\u00e1 que ser recuperada.<\/p>\n","protected":false},"excerpt":{"rendered":"<p>El Ministerio de Turismo record\u00f3 la proximidad de las festividades de Navidad y A\u00f1o Nuevo tras publicar que estas fechas trae consigo varios d\u00edas libres para la ciudadan\u00eda.\u00a0La norma general fue establecida en 2012 por decreto\u00a0No. 1162\u00a0del Presidente Rafael Correa. As\u00ed, en Navidad ser\u00e1 el primer &#8216;puente&#8217;. El viernes 26 de diciembre ser\u00e1 feriado. Esa jornada tendr\u00e1 que recuperarse, sin embargo, el s\u00e1bado 20. Para esas festividades el asueto ser\u00e1 de cuatro d\u00edas -desde el jueves hasta el domingo-. En fin de a\u00f1o ser\u00e1n d\u00edas de descanso el jueves 1, viernes 2, s\u00e1bado 3 y domingo 4 de enero. La jornada del viernes tambi\u00e9n tendr\u00e1 que ser recuperada.<\/p>\n","protected":false},"author":1,"featured_media":231153,"comment_status":"open","ping_status":"open","sticky":false,"template":"","format":"standard","meta":[],"categories":[54,35,37],"tags":[],"_links":{"self":[{"href":"https:\/\/www.ecuadortimes.net\/es\/wp-json\/wp\/v2\/posts\/231152"}],"collection":[{"href":"https:\/\/www.ecuadortimes.net\/es\/wp-json\/wp\/v2\/posts"}],"about":[{"href":"https:\/\/www.ecuadortimes.net\/es\/wp-json\/wp\/v2\/types\/post"}],"author":[{"embeddable":true,"href":"https:\/\/www.ecuadortimes.net\/es\/wp-json\/wp\/v2\/users\/1"}],"replies":[{"embeddable":true,"href":"https:\/\/www.ecuadortimes.net\/es\/wp-json\/wp\/v2\/comments?post=231152"}],"version-history":[{"count":0,"href":"https:\/\/www.ecuadortimes.net\/es\/wp-json\/wp\/v2\/posts\/231152\/revisions"}],"wp:featuredmedia":[{"embeddable":true,"href":"https:\/\/www.ecuadortimes.net\/es\/wp-json\/wp\/v2\/media\/231153"}],"wp:attachment":[{"href":"https:\/\/www.ecuadortimes.net\/es\/wp-json\/wp\/v2\/media?parent=231152"}],"wp:term":[{"taxonomy":"category","embeddable":true,"href":"https:\/\/www.ecuadortimes.net\/es\/wp-json\/wp\/v2\/categories?post=231152"},{"taxonomy":"post_tag","embeddable":true,"href":"https:\/\/www.ecuadortimes.net\/es\/wp-json\/wp\/v2\/tags?post=231152"}],"curies":[{"name":"wp","href":"https:\/\/api.w.org\/{rel}","templated":true}]}}