{"id":231156,"date":"2014-11-11T00:00:00","date_gmt":"2014-11-11T00:00:00","guid":{"rendered":"https:\/\/www.ecuadortimes.net\/es\/ecuador-tendra-una-banda-ancha-al-igual-que-los-paises-desarrollados\/"},"modified":"2014-11-11T00:00:00","modified_gmt":"2014-11-11T00:00:00","slug":"ecuador-tendra-una-banda-ancha-al-igual-que-los-paises-desarrollados","status":"publish","type":"post","link":"https:\/\/www.ecuadortimes.net\/es\/ecuador-tendra-una-banda-ancha-al-igual-que-los-paises-desarrollados\/","title":{"rendered":"Ecuador tendr\u00e1 una banda ancha al igual que los pa\u00edses desarrollados"},"content":{"rendered":"<p class=\"ecxMsoNormal\" style=\"color: #444444; text-align: justify;\"><span style=\"font-size: medium;\"><a href=\"http:\/\/www.ecuadortimes.net\/es\/wp-content\/uploads\/2014\/11\/banda.jpg\"><img loading=\"lazy\" class=\"alignright wp-image-158756 size-medium\" src=\"https:\/\/www.ecuadortimes.net\/es\/wp-content\/uploads\/2014\/11\/banda-300x166.jpg\" alt=\"banda\" width=\"300\" height=\"166\" \/><\/a>El Vicepresidente Jorge Glas, junto al Ministro de Telecomunicaciones Augusto Esp\u00edn y el Gerente de Telconet Tomisval Topic, \u00a0dio a conocer los avances del proyecto de la filial Cable Andino.<\/span><\/p>\n<p class=\"ecxMsoNormal\" style=\"color: #444444; text-align: justify;\"><span style=\"font-size: medium;\">Seg\u00fan Topic esto revolucionar\u00e1 la conectividad y pondr\u00e1 a Ecuador entre los pa\u00edses con mayor ancho de banda en materia de telecomunicaciones. Estaremos a la altura de los pa\u00edses del primer mundo y tendremos un servicio de Internet de clase mundial\u009d.<\/span><\/p>\n<p style=\"text-align: justify;\"><span style=\"color: #444444;\"><span style=\"font-size: medium;\">El proyecto es liderado en Ecuador por Telconet, a trav\u00e9s de su filial Cable Andino, que es signataria del Pacific Caribbean Cable Systems (PCCS). El barco de la empresa Alcatel Submarine Networks, Ile Debrehat Marseille, acoder\u00f3 el 10 de noviembre en los muelles internacionales del puerto de Manta.<\/span><\/span><\/p>\n","protected":false},"excerpt":{"rendered":"<p>El Vicepresidente Jorge Glas, junto al Ministro de Telecomunicaciones Augusto Esp\u00edn y el Gerente de Telconet Tomisval Topic, \u00a0dio a conocer los avances del proyecto de la filial Cable Andino. Seg\u00fan Topic esto revolucionar\u00e1 la conectividad y pondr\u00e1 a Ecuador entre los pa\u00edses con mayor ancho de banda en materia de telecomunicaciones. Estaremos a la altura de los pa\u00edses del primer mundo y tendremos un servicio de Internet de clase mundial\u009d. El proyecto es liderado en Ecuador por Telconet, a trav\u00e9s de su filial Cable Andino, que es signataria del Pacific Caribbean Cable Systems (PCCS). El barco de la empresa Alcatel Submarine Networks, Ile Debrehat Marseille, acoder\u00f3 el 10 de noviembre en los muelles internacionales del puerto de Manta.<\/p>\n","protected":false},"author":1,"featured_media":231157,"comment_status":"open","ping_status":"open","sticky":false,"template":"","format":"standard","meta":[],"categories":[40,37],"tags":[],"_links":{"self":[{"href":"https:\/\/www.ecuadortimes.net\/es\/wp-json\/wp\/v2\/posts\/231156"}],"collection":[{"href":"https:\/\/www.ecuadortimes.net\/es\/wp-json\/wp\/v2\/posts"}],"about":[{"href":"https:\/\/www.ecuadortimes.net\/es\/wp-json\/wp\/v2\/types\/post"}],"author":[{"embeddable":true,"href":"https:\/\/www.ecuadortimes.net\/es\/wp-json\/wp\/v2\/users\/1"}],"replies":[{"embeddable":true,"href":"https:\/\/www.ecuadortimes.net\/es\/wp-json\/wp\/v2\/comments?post=231156"}],"version-history":[{"count":0,"href":"https:\/\/www.ecuadortimes.net\/es\/wp-json\/wp\/v2\/posts\/231156\/revisions"}],"wp:featuredmedia":[{"embeddable":true,"href":"https:\/\/www.ecuadortimes.net\/es\/wp-json\/wp\/v2\/media\/231157"}],"wp:attachment":[{"href":"https:\/\/www.ecuadortimes.net\/es\/wp-json\/wp\/v2\/media?parent=231156"}],"wp:term":[{"taxonomy":"category","embeddable":true,"href":"https:\/\/www.ecuadortimes.net\/es\/wp-json\/wp\/v2\/categories?post=231156"},{"taxonomy":"post_tag","embeddable":true,"href":"https:\/\/www.ecuadortimes.net\/es\/wp-json\/wp\/v2\/tags?post=231156"}],"curies":[{"name":"wp","href":"https:\/\/api.w.org\/{rel}","templated":true}]}}