{"id":231164,"date":"2014-11-12T00:00:00","date_gmt":"2014-11-12T00:00:00","guid":{"rendered":"https:\/\/www.ecuadortimes.net\/es\/suma-pide-que-el-cne-les-entregue-fondo-de-promocion-partidista\/"},"modified":"2014-11-12T00:00:00","modified_gmt":"2014-11-12T00:00:00","slug":"suma-pide-que-el-cne-les-entregue-fondo-de-promocion-partidista","status":"publish","type":"post","link":"https:\/\/www.ecuadortimes.net\/es\/suma-pide-que-el-cne-les-entregue-fondo-de-promocion-partidista\/","title":{"rendered":"SUMA pide que el CNE les entregue fondo de promoci\u00f3n partidista"},"content":{"rendered":"<p class=\"ecxMsoNormal\" style=\"color: #000000;\"><a href=\"http:\/\/www.ecuadortimes.net\/es\/wp-content\/uploads\/2014\/11\/suma-celi.jpg\"><img loading=\"lazy\" class=\"alignright  wp-image-158773\" src=\"https:\/\/www.ecuadortimes.net\/es\/wp-content\/uploads\/2014\/11\/suma-celi-300x182.jpg\" alt=\"suma-celi\" width=\"382\" height=\"232\" \/><\/a>El movimiento SUMA present\u00f3 ayer una acci\u00f3n de protecci\u00f3n despu\u00e9s de que el Consejo Nacional Electoral (CNE) se negara a entregarles el fondo de promoci\u00f3n partidista.<\/p>\n<p class=\"ecxMsoNormal\" style=\"color: #000000;\">Guillermo Celi, Presidente Encargado del Movimiento, se\u00f1al\u00f3 que a pesar de que cumplen con los requisitos previstos en el C\u00f3digo de la Democracia,\u00a0se les ha negado la entrega de dicho fondo.<\/p>\n<p class=\"ecxMsoNormal\" style=\"color: #000000;\">Dicho C\u00f3digo indica en el art\u00edculo 357 que el CNE har\u00e1 constar en el Fondo Partidario Permanente correspondiente al a\u00f1o en que se realice la segunda elecci\u00f3n, el monto destinado para el o los movimientos pol\u00edticos que hubiesen obtenido 5% de los votos v\u00e1lidos a nivel nacional, los mismos que tendr\u00e1n un a\u00f1o para completar los requisitos establecidos en esta ley para los partidos pol\u00edticos\u009d.<\/p>\n<p class=\"ecxMsoNormal\" style=\"color: #000000;\">El CNE ha negado esa participaci\u00f3n a SUMA a pesar de que tiene 19 alcaldes, tres prefectos, m\u00e1s de 90 concejales y alrededor de 250 vocales de juntas parroquiales, que representan al 26% de los ecuatorianos que est\u00e1n siendo servidos por nuestras administraciones locales. Esos fondos nos los ha dado el pueblo ecuatoriano en las urnas\u009d, indic\u00f3 Celi.<\/p>\n<p class=\"ecxMsoNormal\" style=\"color: #000000;\">\n","protected":false},"excerpt":{"rendered":"<p>El movimiento SUMA present\u00f3 ayer una acci\u00f3n de protecci\u00f3n despu\u00e9s de que el Consejo Nacional Electoral (CNE) se negara a entregarles el fondo de promoci\u00f3n partidista. Guillermo Celi, Presidente Encargado del Movimiento, se\u00f1al\u00f3 que a pesar de que cumplen con los requisitos previstos en el C\u00f3digo de la Democracia,\u00a0se les ha negado la entrega de dicho fondo. Dicho C\u00f3digo indica en el art\u00edculo 357 que el CNE har\u00e1 constar en el Fondo Partidario Permanente correspondiente al a\u00f1o en que se realice la segunda elecci\u00f3n, el monto destinado para el o los movimientos pol\u00edticos que hubiesen obtenido 5% de los votos v\u00e1lidos a nivel nacional, los mismos que tendr\u00e1n un a\u00f1o para completar los requisitos establecidos en esta ley para los partidos pol\u00edticos\u009d. El CNE ha negado esa participaci\u00f3n a SUMA a pesar de que tiene 19 alcaldes, tres prefectos, m\u00e1s de 90 concejales y alrededor de 250 vocales de juntas parroquiales, que representan al 26% de los ecuatorianos que est\u00e1n siendo servidos por nuestras administraciones locales. Esos fondos nos los ha dado el pueblo ecuatoriano en las urnas\u009d, indic\u00f3 Celi.<\/p>\n","protected":false},"author":1,"featured_media":231165,"comment_status":"open","ping_status":"open","sticky":false,"template":"","format":"standard","meta":[],"categories":[40],"tags":[],"_links":{"self":[{"href":"https:\/\/www.ecuadortimes.net\/es\/wp-json\/wp\/v2\/posts\/231164"}],"collection":[{"href":"https:\/\/www.ecuadortimes.net\/es\/wp-json\/wp\/v2\/posts"}],"about":[{"href":"https:\/\/www.ecuadortimes.net\/es\/wp-json\/wp\/v2\/types\/post"}],"author":[{"embeddable":true,"href":"https:\/\/www.ecuadortimes.net\/es\/wp-json\/wp\/v2\/users\/1"}],"replies":[{"embeddable":true,"href":"https:\/\/www.ecuadortimes.net\/es\/wp-json\/wp\/v2\/comments?post=231164"}],"version-history":[{"count":0,"href":"https:\/\/www.ecuadortimes.net\/es\/wp-json\/wp\/v2\/posts\/231164\/revisions"}],"wp:featuredmedia":[{"embeddable":true,"href":"https:\/\/www.ecuadortimes.net\/es\/wp-json\/wp\/v2\/media\/231165"}],"wp:attachment":[{"href":"https:\/\/www.ecuadortimes.net\/es\/wp-json\/wp\/v2\/media?parent=231164"}],"wp:term":[{"taxonomy":"category","embeddable":true,"href":"https:\/\/www.ecuadortimes.net\/es\/wp-json\/wp\/v2\/categories?post=231164"},{"taxonomy":"post_tag","embeddable":true,"href":"https:\/\/www.ecuadortimes.net\/es\/wp-json\/wp\/v2\/tags?post=231164"}],"curies":[{"name":"wp","href":"https:\/\/api.w.org\/{rel}","templated":true}]}}