{"id":231166,"date":"2014-11-12T00:00:00","date_gmt":"2014-11-12T00:00:00","guid":{"rendered":"https:\/\/www.ecuadortimes.net\/es\/acuerdo-contra-el-cambio-climatico-es-concretado-por-china-y-ee-uu\/"},"modified":"2014-11-12T00:00:00","modified_gmt":"2014-11-12T00:00:00","slug":"acuerdo-contra-el-cambio-climatico-es-concretado-por-china-y-ee-uu","status":"publish","type":"post","link":"https:\/\/www.ecuadortimes.net\/es\/acuerdo-contra-el-cambio-climatico-es-concretado-por-china-y-ee-uu\/","title":{"rendered":"Acuerdo contra el cambio clim\u00e1tico es concretado por China y EE.UU."},"content":{"rendered":"<div id=\"attachment_158771\" style=\"width: 496px\" class=\"wp-caption alignright\"><a href=\"http:\/\/www.ecuadortimes.net\/es\/wp-content\/uploads\/2014\/11\/EEUU-China-acuerdo-contra-cambio-climatico.jpg\"><img aria-describedby=\"caption-attachment-158771\" loading=\"lazy\" class=\"wp-image-158771 \" src=\"https:\/\/www.ecuadortimes.net\/es\/wp-content\/uploads\/2014\/11\/EEUU-China-acuerdo-contra-cambio-climatico.jpg\" alt=\"EEUU-China-acuerdo-contra-cambio-climatico\" width=\"486\" height=\"328\" \/><\/a><p id=\"caption-attachment-158771\" class=\"wp-caption-text\">El presidente de EE.UU., Barack Obama, junto a Xi Jinping, presidente de China, tras anunciar un acuerdo para frenar el cambio clim\u00e1tico. AP<\/p><\/div>\n<p>Los presidentes de\u00a0China y Estados Unidos\u00a0han anunciado este m\u00ed\u00e9rcoles 12 de noviembre en Pekin un acuerdo &#8220;hist\u00f3rico&#8221; para luchar contra el cambio clim\u00e1tico.<\/p>\n<p>El proyecto\u00a0bilateral incluir\u00e1 recortes en las emisiones de gases de efecto invernadero en estos los pa\u00edses, considerados como unos de los m\u00e1s contaminantes.<\/p>\n<p>La iniciativa presentada ahora en Pek\u00edn por los presidentes chino, Xi Jinping, y estadounidense, Barack Obama, constituye uno de los primeros anuncios de recorte de emisiones contaminantes por parte de China y una leve mejora en los planes de reducci\u00f3n de las emisiones por parte de Estados Unidos.<\/p>\n<p>China se comprometer\u00eda a que sus niveles de emisiones alcanzar\u00e1n su nivel m\u00e1ximo en 2030 para comenzar a reducirse a partir de esa fecha.<\/p>\n<p>Igualmente, el presidente chino anunci\u00f3 que en 2030 un 20% de la energ\u00eda producida en su pa\u00eds proceder\u00e1 de fuentes renovables.<\/p>\n<p>Por su parte, Estados Unidos reducir\u00eda sus emisiones para 2025 entre un 26 y un 28% con respecto a los niveles de 2005, lo que seg\u00fan fuentes norteamericanas supone el doble del recorte previsto entre 2005 y 2020.<\/p>\n<p>&nbsp;<\/p>\n<p>&nbsp;<\/p>\n","protected":false},"excerpt":{"rendered":"<p>Los presidentes de\u00a0China y Estados Unidos\u00a0han anunciado este m\u00ed\u00e9rcoles 12 de noviembre en Pekin un acuerdo &#8220;hist\u00f3rico&#8221; para luchar contra el cambio clim\u00e1tico. El proyecto\u00a0bilateral incluir\u00e1 recortes en las emisiones de gases de efecto invernadero en estos los pa\u00edses, considerados como unos de los m\u00e1s contaminantes. La iniciativa presentada ahora en Pek\u00edn por los presidentes chino, Xi Jinping, y estadounidense, Barack Obama, constituye uno de los primeros anuncios de recorte de emisiones contaminantes por parte de China y una leve mejora en los planes de reducci\u00f3n de las emisiones por parte de Estados Unidos. China se comprometer\u00eda a que sus niveles de emisiones alcanzar\u00e1n su nivel m\u00e1ximo en 2030 para comenzar a reducirse a partir de esa fecha. Igualmente, el presidente chino anunci\u00f3 que en 2030 un 20% de la energ\u00eda producida en su pa\u00eds proceder\u00e1 de fuentes renovables. Por su parte, Estados Unidos reducir\u00eda sus emisiones para 2025 entre un 26 y un 28% con respecto a los niveles de 2005, lo que seg\u00fan fuentes norteamericanas supone el doble del recorte previsto entre 2005 y 2020. &nbsp; &nbsp;<\/p>\n","protected":false},"author":1,"featured_media":231167,"comment_status":"open","ping_status":"open","sticky":false,"template":"","format":"standard","meta":[],"categories":[54,36,37],"tags":[],"_links":{"self":[{"href":"https:\/\/www.ecuadortimes.net\/es\/wp-json\/wp\/v2\/posts\/231166"}],"collection":[{"href":"https:\/\/www.ecuadortimes.net\/es\/wp-json\/wp\/v2\/posts"}],"about":[{"href":"https:\/\/www.ecuadortimes.net\/es\/wp-json\/wp\/v2\/types\/post"}],"author":[{"embeddable":true,"href":"https:\/\/www.ecuadortimes.net\/es\/wp-json\/wp\/v2\/users\/1"}],"replies":[{"embeddable":true,"href":"https:\/\/www.ecuadortimes.net\/es\/wp-json\/wp\/v2\/comments?post=231166"}],"version-history":[{"count":0,"href":"https:\/\/www.ecuadortimes.net\/es\/wp-json\/wp\/v2\/posts\/231166\/revisions"}],"wp:featuredmedia":[{"embeddable":true,"href":"https:\/\/www.ecuadortimes.net\/es\/wp-json\/wp\/v2\/media\/231167"}],"wp:attachment":[{"href":"https:\/\/www.ecuadortimes.net\/es\/wp-json\/wp\/v2\/media?parent=231166"}],"wp:term":[{"taxonomy":"category","embeddable":true,"href":"https:\/\/www.ecuadortimes.net\/es\/wp-json\/wp\/v2\/categories?post=231166"},{"taxonomy":"post_tag","embeddable":true,"href":"https:\/\/www.ecuadortimes.net\/es\/wp-json\/wp\/v2\/tags?post=231166"}],"curies":[{"name":"wp","href":"https:\/\/api.w.org\/{rel}","templated":true}]}}